{"id":1135137,"date":"2020-10-30T08:44:45","date_gmt":"2020-10-30T07:44:45","guid":{"rendered":"https:\/\/www.applia-sverige.se\/?p=1135137"},"modified":"2024-04-10T08:04:57","modified_gmt":"2024-04-10T08:04:57","slug":"arets-mest-superstarka-manad-for-bade-sma-och-stora-hushallsapparater","status":"publish","type":"post","link":"https:\/\/www.applia-sverige.se\/en\/arets-mest-superstarka-manad-for-bade-sma-och-stora-hushallsapparater\/","title":{"rendered":"The most super strong month of the year for both small and large household appliances"},"content":{"rendered":"<p>The latest figures from Statistics Sweden (SCB) regarding household consumption in Sweden showed that it decreased by 3.7 percent in August 2020, compared to August 2019. The consumption group that affected household consumption the most negatively was primarily \u201cTransport and retail trade and service of motor vehicles\u201d, which decreased by 9.6 percent compared to the same period the previous year.<\/p>\n<div id=\"attachment_1135138\" style=\"width: 310px\" class=\"wp-caption alignnone\"><a href=\"https:\/\/www.applia-sverige.se\/wp-content\/uploads\/2020\/10\/Applia-forsaljning-sept-2020.jpg\" target=\"_blank\" rel=\"https:\/\/applianytt.se\/marknadsinformation\/arets-mest-superstarka-manad-for-bade-sma-och-stora-hushallsapparater\/ noopener noreferrer\"><img loading=\"lazy\" decoding=\"async\" aria-describedby=\"caption-attachment-1135138\" class=\"wp-image-1135138 size-medium\" src=\"https:\/\/www.applia-sverige.se\/wp-content\/uploads\/2020\/10\/Applia-forsaljning-sept-2020-300x170.jpg\" alt=\"\" width=\"300\" height=\"170\" srcset=\"https:\/\/www.applia-sverige.se\/wp-content\/uploads\/2020\/10\/Applia-forsaljning-sept-2020-300x170.jpg 300w, https:\/\/www.applia-sverige.se\/wp-content\/uploads\/2020\/10\/Applia-forsaljning-sept-2020-768x435.jpg 768w, https:\/\/www.applia-sverige.se\/wp-content\/uploads\/2020\/10\/Applia-forsaljning-sept-2020.jpg 784w\" sizes=\"auto, (max-width: 300px) 100vw, 300px\" \/><\/a><p id=\"caption-attachment-1135138\" class=\"wp-caption-text\">APPLiA statistics Sept. 2020<\/p><\/div>\n<p><strong>The month of September delivers<\/strong><br \/>\nMajor appliances (MDA) and domestic appliances (SDA), on the other hand, go against this general trend for household consumption and, according to APPLiA statistics, delivered a record result in value in September 2020 \u2013 by far the best month of the year! The monthly increase for the entire industry of 13.5 percent comes from \u201cdouble digit\u201d increases in the two main segments MDA (+12.6%) and SDA (+16.0%).<\/p>\n<p><a href=\"https:\/\/applianytt.se\/marknadsinformation\/arets-mest-superstarka-manad-for-bade-sma-och-stora-hushallsapparater\/\" target=\"_blank\" rel=\"noopener noreferrer\">Read more here in APPLiA news<\/a><\/p>","protected":false},"excerpt":{"rendered":"<p>De senaste siffrorna fr\u00e5n Statistiska Centralbyr\u00e5n (SCB) g\u00e4llande hush\u00e5llens konsumtion i Sverige visade p\u00e5 att den minskade med 3,7 procent i augusti 2020, j\u00e4mf\u00f6rt med augusti 2019. Den konsumtionsgrupp som p\u00e5verkade hush\u00e5llskonsumtionen mest negativt var fr\u00e4mst \u201cTransporter och detaljhandel med och service av motorfordon\u201d, som j\u00e4mf\u00f6rt med samma period \u00e5ret innan minskade med 9,6 procent. [&hellip;]<\/p>\n","protected":false},"author":1,"featured_media":666859,"comment_status":"closed","ping_status":"closed","sticky":false,"template":"","format":"standard","meta":{"footnotes":""},"categories":[15],"tags":[],"class_list":["post-1135137","post","type-post","status-publish","format-standard","has-post-thumbnail","hentry","category-marknadsutveckling"],"acf":[],"_links":{"self":[{"href":"https:\/\/www.applia-sverige.se\/en\/wp-json\/wp\/v2\/posts\/1135137","targetHints":{"allow":["GET"]}}],"collection":[{"href":"https:\/\/www.applia-sverige.se\/en\/wp-json\/wp\/v2\/posts"}],"about":[{"href":"https:\/\/www.applia-sverige.se\/en\/wp-json\/wp\/v2\/types\/post"}],"author":[{"embeddable":true,"href":"https:\/\/www.applia-sverige.se\/en\/wp-json\/wp\/v2\/users\/1"}],"replies":[{"embeddable":true,"href":"https:\/\/www.applia-sverige.se\/en\/wp-json\/wp\/v2\/comments?post=1135137"}],"version-history":[{"count":1,"href":"https:\/\/www.applia-sverige.se\/en\/wp-json\/wp\/v2\/posts\/1135137\/revisions"}],"predecessor-version":[{"id":1541185,"href":"https:\/\/www.applia-sverige.se\/en\/wp-json\/wp\/v2\/posts\/1135137\/revisions\/1541185"}],"wp:featuredmedia":[{"embeddable":true,"href":"https:\/\/www.applia-sverige.se\/en\/wp-json\/wp\/v2\/media\/666859"}],"wp:attachment":[{"href":"https:\/\/www.applia-sverige.se\/en\/wp-json\/wp\/v2\/media?parent=1135137"}],"wp:term":[{"taxonomy":"category","embeddable":true,"href":"https:\/\/www.applia-sverige.se\/en\/wp-json\/wp\/v2\/categories?post=1135137"},{"taxonomy":"post_tag","embeddable":true,"href":"https:\/\/www.applia-sverige.se\/en\/wp-json\/wp\/v2\/tags?post=1135137"}],"curies":[{"name":"wp","href":"https:\/\/api.w.org\/{rel}","templated":true}]}}