{"id":1205012,"date":"2021-01-12T12:21:26","date_gmt":"2021-01-12T11:21:26","guid":{"rendered":"https:\/\/www.applia-sverige.se\/?p=1205012"},"modified":"2021-01-12T12:21:26","modified_gmt":"2021-01-12T11:21:26","slug":"svenska-konsumenter-valjer-energieffektiva-vitvaror","status":"publish","type":"post","link":"https:\/\/www.applia-sverige.se\/en\/svenska-konsumenter-valjer-energieffektiva-vitvaror\/","title":{"rendered":"Swedish consumers choose energy-efficient appliances"},"content":{"rendered":"<p>\u2013 The clear trend in white goods sales is that consumers are now increasingly choosing more high-performance products, which are also more energy efficient. Statistics clearly show that sales of white goods with the best energy class will continue in 2020 and that buyers of white goods place great importance on energy labeling and that it means a lot for product selection when purchasing, says Kent Oderud, chairman of APPLiA \u2013 Home Appliances Sweden.<\/p>\n<div id=\"attachment_1204983\" style=\"width: 310px\" class=\"wp-caption alignnone\"><a href=\"https:\/\/www.applia-sverige.se\/wp-content\/uploads\/2021\/01\/210111-Pressmeddelande-rekordforsaljning-energimarkning.jpg\"><img loading=\"lazy\" decoding=\"async\" aria-describedby=\"caption-attachment-1204983\" class=\"wp-image-1204983 size-medium\" src=\"https:\/\/www.applia-sverige.se\/wp-content\/uploads\/2021\/01\/210111-Pressmeddelande-rekordforsaljning-energimarkning-300x170.jpg\" alt=\"\" width=\"300\" height=\"170\" srcset=\"https:\/\/www.applia-sverige.se\/wp-content\/uploads\/2021\/01\/210111-Pressmeddelande-rekordforsaljning-energimarkning-300x170.jpg 300w, https:\/\/www.applia-sverige.se\/wp-content\/uploads\/2021\/01\/210111-Pressmeddelande-rekordforsaljning-energimarkning-1024x579.jpg 1024w, https:\/\/www.applia-sverige.se\/wp-content\/uploads\/2021\/01\/210111-Pressmeddelande-rekordforsaljning-energimarkning-768x434.jpg 768w, https:\/\/www.applia-sverige.se\/wp-content\/uploads\/2021\/01\/210111-Pressmeddelande-rekordforsaljning-energimarkning.jpg 1313w\" sizes=\"auto, (max-width: 300px) 100vw, 300px\" \/><\/a><p id=\"caption-attachment-1204983\" class=\"wp-caption-text\">Graph showing sales of major appliances 2018-2020<\/p><\/div>\n<h3><strong>Refrigeration and freezing products are most important for reducing energy consumption in the home<\/strong><\/h3>\n<p>Refrigerators and freezers are the products with the greatest savings potential in the white goods area as these products are used 24\/7 all year round, but the industry is also seeing a strong shift in the product areas of dishwashers and washing machines, where the increase in the number of energy-efficient products sold is increasing by between 2-5 percentage points and almost all products sold have energy ratings equal to or better than A+.<\/p>\n<p>\u2013 The strong development of energy-efficient products in percentage terms shows that the European energy label has proven to be a successful combination of producers&#039; efforts to develop more energy-efficient appliances and consumers&#039; interest in saving energy, says Kent Oderud, chairman of APPLiA \u2013 Home Appliances Sweden.<\/p>\n<p>The full report is available <a href=\"https:\/\/www.applia-sverige.se\/wp-content\/uploads\/2021\/01\/210112-APPLiA-presentation-Energiklass-2018-2020-final.pdf\">here<\/a>.<\/p>\n<h3><strong>New Energy Labeling on March 1, 2021<\/strong><\/h3>\n<p>Manufacturers have so far driven the development towards more energy-efficient products much faster than the European energy label over the past 20 years. Now a new scale for the energy label is being established, returning to a pure letter scale of A to G without the possibility of a plus sign.<\/p>\n<p>The change on March 1, 2021 will mean, among other things, that today&#039;s A+++ energy rating could become a C, which means a further opportunity for even more energy-efficient products, which is positive from a sustainability perspective.<\/p>\n<p><a href=\"https:\/\/via.tt.se\/pressmeddelande\/svenska-konsumenter-valjer-energieffektiva-vitvaror?publisherId=3235498&amp;releaseId=3290949\" target=\"_blank\" rel=\"noopener noreferrer\">Read the press release here<\/a><\/p>","protected":false},"excerpt":{"rendered":"<p>\u2013 Den tydliga trenden inom vitvaruf\u00f6rs\u00e4ljningen \u00e4r att konsumenter numer allt oftare v\u00e4ljer mer h\u00f6gpresterande produkter, som ocks\u00e5 \u00e4r energieffektivare Statistiken visar tydligt att f\u00f6rs\u00e4ljning av vitvaror med b\u00e4sta energiklass forts\u00e4tter under 2020 och att k\u00f6parna av vitvaror l\u00e4gger stor vikt vid energim\u00e4rkningen och att den betyder mycket f\u00f6r val av produkt vid k\u00f6p, s\u00e4ger [&hellip;]<\/p>\n","protected":false},"author":1,"featured_media":1205013,"comment_status":"open","ping_status":"open","sticky":false,"template":"","format":"standard","meta":{"footnotes":""},"categories":[10],"tags":[],"class_list":["post-1205012","post","type-post","status-publish","format-standard","has-post-thumbnail","hentry","category-foreningsnyheter"],"acf":[],"_links":{"self":[{"href":"https:\/\/www.applia-sverige.se\/en\/wp-json\/wp\/v2\/posts\/1205012","targetHints":{"allow":["GET"]}}],"collection":[{"href":"https:\/\/www.applia-sverige.se\/en\/wp-json\/wp\/v2\/posts"}],"about":[{"href":"https:\/\/www.applia-sverige.se\/en\/wp-json\/wp\/v2\/types\/post"}],"author":[{"embeddable":true,"href":"https:\/\/www.applia-sverige.se\/en\/wp-json\/wp\/v2\/users\/1"}],"replies":[{"embeddable":true,"href":"https:\/\/www.applia-sverige.se\/en\/wp-json\/wp\/v2\/comments?post=1205012"}],"version-history":[{"count":0,"href":"https:\/\/www.applia-sverige.se\/en\/wp-json\/wp\/v2\/posts\/1205012\/revisions"}],"wp:featuredmedia":[{"embeddable":true,"href":"https:\/\/www.applia-sverige.se\/en\/wp-json\/wp\/v2\/media\/1205013"}],"wp:attachment":[{"href":"https:\/\/www.applia-sverige.se\/en\/wp-json\/wp\/v2\/media?parent=1205012"}],"wp:term":[{"taxonomy":"category","embeddable":true,"href":"https:\/\/www.applia-sverige.se\/en\/wp-json\/wp\/v2\/categories?post=1205012"},{"taxonomy":"post_tag","embeddable":true,"href":"https:\/\/www.applia-sverige.se\/en\/wp-json\/wp\/v2\/tags?post=1205012"}],"curies":[{"name":"wp","href":"https:\/\/api.w.org\/{rel}","templated":true}]}}