{"id":1318137,"date":"2021-09-01T09:12:23","date_gmt":"2021-09-01T07:12:23","guid":{"rendered":"https:\/\/www.applia-sverige.se\/?p=1318137"},"modified":"2024-03-20T14:25:04","modified_gmt":"2024-03-20T14:25:04","slug":"applia-debatterar-i-svd-om-att-varna-den-inre-marknaden","status":"publish","type":"post","link":"https:\/\/www.applia-sverige.se\/en\/applia-debatterar-i-svd-om-att-varna-den-inre-marknaden\/","title":{"rendered":"APPLiA debates in SvD about protecting the internal market"},"content":{"rendered":"<p>We must protect the internal market so that product development, manufacturing processes and distribution do not suffer, at the expense of the environment. Therefore, APPLiA writes on SvD Debatt with the hope that environmental legislation will be carried out to a greater extent at the international level. We must transform our world into a sustainable one and we must do it together!<\/p>\n<p>Read the article\u00a0<a href=\"https:\/\/www.svd.se\/spretiga-regler-i-eu-slar-mot-miljoarbete\">\u201d&quot;Wrong regulations in the EU are hurting environmental work&quot;\u201d<\/a><\/p>","protected":false},"excerpt":{"rendered":"<p>Vi m\u00e5ste v\u00e4rna om den inre marknaden f\u00f6r att inte produktutveckling, tillverkningsprocesser och distribution ska bli lidande, p\u00e5 bekostnad av milj\u00f6n. D\u00e4rf\u00f6r skriver APPLiA p\u00e5 SvD Debatt med f\u00f6rhoppning om att milj\u00f6lagstiftningen i st\u00f6rre utstr\u00e4ckning ska ske p\u00e5 internationell niv\u00e5. Vi m\u00e5ste st\u00e4lla om v\u00e5r v\u00e4rld till en h\u00e5llbar s\u00e5dan och vi m\u00e5ste g\u00f6ra det [&hellip;]<\/p>\n","protected":false},"author":1,"featured_media":1318138,"comment_status":"closed","ping_status":"closed","sticky":false,"template":"","format":"standard","meta":{"footnotes":""},"categories":[9],"tags":[],"class_list":["post-1318137","post","type-post","status-publish","format-standard","has-post-thumbnail","hentry","category-elektronikskatten"],"acf":[],"_links":{"self":[{"href":"https:\/\/www.applia-sverige.se\/en\/wp-json\/wp\/v2\/posts\/1318137","targetHints":{"allow":["GET"]}}],"collection":[{"href":"https:\/\/www.applia-sverige.se\/en\/wp-json\/wp\/v2\/posts"}],"about":[{"href":"https:\/\/www.applia-sverige.se\/en\/wp-json\/wp\/v2\/types\/post"}],"author":[{"embeddable":true,"href":"https:\/\/www.applia-sverige.se\/en\/wp-json\/wp\/v2\/users\/1"}],"replies":[{"embeddable":true,"href":"https:\/\/www.applia-sverige.se\/en\/wp-json\/wp\/v2\/comments?post=1318137"}],"version-history":[{"count":1,"href":"https:\/\/www.applia-sverige.se\/en\/wp-json\/wp\/v2\/posts\/1318137\/revisions"}],"predecessor-version":[{"id":1532953,"href":"https:\/\/www.applia-sverige.se\/en\/wp-json\/wp\/v2\/posts\/1318137\/revisions\/1532953"}],"wp:featuredmedia":[{"embeddable":true,"href":"https:\/\/www.applia-sverige.se\/en\/wp-json\/wp\/v2\/media\/1318138"}],"wp:attachment":[{"href":"https:\/\/www.applia-sverige.se\/en\/wp-json\/wp\/v2\/media?parent=1318137"}],"wp:term":[{"taxonomy":"category","embeddable":true,"href":"https:\/\/www.applia-sverige.se\/en\/wp-json\/wp\/v2\/categories?post=1318137"},{"taxonomy":"post_tag","embeddable":true,"href":"https:\/\/www.applia-sverige.se\/en\/wp-json\/wp\/v2\/tags?post=1318137"}],"curies":[{"name":"wp","href":"https:\/\/api.w.org\/{rel}","templated":true}]}}