{"id":1352524,"date":"2022-01-16T10:00:10","date_gmt":"2022-01-16T09:00:10","guid":{"rendered":"https:\/\/applia.acrowd.se\/?post_type=post&amp;p=1352524"},"modified":"2022-01-16T10:00:10","modified_gmt":"2022-01-16T09:00:10","slug":"arets-farg-presenterad-av-pantone","status":"publish","type":"post","link":"https:\/\/www.applia-sverige.se\/en\/arets-farg-presenterad-av-pantone\/","title":{"rendered":"Color of the Year presented by Pantone"},"content":{"rendered":"<p><strong>For 23 years, Pantone&#039;s Color of the Year has influenced product development and purchasing decisions across multiple industries, including fashion, home decor and industrial design, as well as product packaging and graphic design. The 2022 Color of the Year is called Very Peri.<\/strong><\/p>\n<p>Every year, Pantone presents the color of the year after careful analysis worldwide by the Pantone Color Institute\u2122. From various fields of design through the entertainment industry and the art world to subcultures and new technology, the selection is influenced.<\/p>\n<p>Very Peri is a new Pantone color and is described as encouraging personal ingenuity and creativity with its courageous presence.<\/p>\n<p><iframe loading=\"lazy\" title=\"PANTONE 17-3938 Very Peri, the Pantone Color of the Year 2022.\" width=\"500\" height=\"281\" src=\"https:\/\/www.youtube.com\/embed\/DpOjWPKT0QM?feature=oembed\" frameborder=\"0\" allow=\"accelerometer; autoplay; clipboard-write; encrypted-media; gyroscope; picture-in-picture; web-share\" referrerpolicy=\"strict-origin-when-cross-origin\" allowfullscreen><\/iframe><\/p>","protected":false},"excerpt":{"rendered":"<p>I 23 \u00e5r har Pantones \u00e5rets f\u00e4rg p\u00e5verkat produktutveckling och ink\u00f6psbeslut inom flera branscher, inklusive mode, heminredning och industriell design, s\u00e5v\u00e4l som produktf\u00f6rpackningar och grafisk design. 2022 \u00e5rs f\u00e4rg heter Very Peri. Varje \u00e5r presenterar Pantone \u00e5rets f\u00e4rg efter noggrann analys v\u00e4rlden \u00f6ver av Pantone Color Institute\u2122. Fr\u00e5n olika omr\u00e5den inom design via underh\u00e5llningsbranschen och [&hellip;]<\/p>\n","protected":false},"author":1,"featured_media":1352529,"comment_status":"closed","ping_status":"closed","sticky":false,"template":"","format":"standard","meta":{"footnotes":""},"categories":[16],"tags":[],"class_list":["post-1352524","post","type-post","status-publish","format-standard","has-post-thumbnail","hentry","category-applianytt"],"acf":[],"_links":{"self":[{"href":"https:\/\/www.applia-sverige.se\/en\/wp-json\/wp\/v2\/posts\/1352524","targetHints":{"allow":["GET"]}}],"collection":[{"href":"https:\/\/www.applia-sverige.se\/en\/wp-json\/wp\/v2\/posts"}],"about":[{"href":"https:\/\/www.applia-sverige.se\/en\/wp-json\/wp\/v2\/types\/post"}],"author":[{"embeddable":true,"href":"https:\/\/www.applia-sverige.se\/en\/wp-json\/wp\/v2\/users\/1"}],"replies":[{"embeddable":true,"href":"https:\/\/www.applia-sverige.se\/en\/wp-json\/wp\/v2\/comments?post=1352524"}],"version-history":[{"count":0,"href":"https:\/\/www.applia-sverige.se\/en\/wp-json\/wp\/v2\/posts\/1352524\/revisions"}],"wp:featuredmedia":[{"embeddable":true,"href":"https:\/\/www.applia-sverige.se\/en\/wp-json\/wp\/v2\/media\/1352529"}],"wp:attachment":[{"href":"https:\/\/www.applia-sverige.se\/en\/wp-json\/wp\/v2\/media?parent=1352524"}],"wp:term":[{"taxonomy":"category","embeddable":true,"href":"https:\/\/www.applia-sverige.se\/en\/wp-json\/wp\/v2\/categories?post=1352524"},{"taxonomy":"post_tag","embeddable":true,"href":"https:\/\/www.applia-sverige.se\/en\/wp-json\/wp\/v2\/tags?post=1352524"}],"curies":[{"name":"wp","href":"https:\/\/api.w.org\/{rel}","templated":true}]}}