{"id":1400613,"date":"2022-09-05T08:44:33","date_gmt":"2022-09-05T06:44:33","guid":{"rendered":"https:\/\/www.applia-sverige.se\/?p=1400613"},"modified":"2024-03-20T14:24:33","modified_gmt":"2024-03-20T14:24:33","slug":"elektronikskatten-ar-politisk-greenwashing","status":"publish","type":"post","link":"https:\/\/www.applia-sverige.se\/en\/elektronikskatten-ar-politisk-greenwashing\/","title":{"rendered":"\u201dThe electronics tax is political greenwashing\u201d"},"content":{"rendered":"<p><strong>Companies are sometimes accused<\/strong>\u00a0for greenwashing. Less noticed but just as serious is political greenwashing \u2013 reforms that are described as green without any basis. A clear example is the electronics tax. The government has marketed it as an environmental tax, but in practice it is just a way for the state to collect money, with no positive effect on the environment. Despite several authorities pointing out the lack of environmental benefits, the government has continued to raise the tax.<\/p>\n<p>On July 1, 2017, the electronics tax was introduced.<strong>\u00a0<\/strong>When the tax was introduced, the starting point was good. Reducing the presence of certain environmentally and health-hazardous substances in people&#039;s home environment is something that most people can agree with. Electronics such as white goods, telephones and computers were identified as sources of some of these substances. What is not mentioned in the debate is why the substances are in the products. The flame retardants that are taxed are used in the products to make them fireproof. There are strict safety requirements for electronic products, which is also very reasonable.<\/p>\n<p><strong>Unfortunately, the tax&#039;s shortcomings<\/strong>\u00a0The tax does not stop there and the white goods industry has been hit particularly hard. The tax amount, which is determined based on the type and weight of the product, hits household appliances particularly hard because they tend to weigh a lot \u2013 without the amount of flame retardant being different from other electronic products. Last year, white goods accounted for almost half of the total tax payment for the electronics tax.<\/p>\n<p><a href=\"https:\/\/www.svd.se\/a\/5Gm796\/applia-elektronikskatten-ar-politisk-greenwashing\" target=\"_blank\" rel=\"noopener\">Read the full article in SvD published on September 4th here\u00a0<\/a><\/p>","protected":false},"excerpt":{"rendered":"<p>F\u00f6retag anklagas ibland\u00a0f\u00f6r greenwashing. Mindre uppm\u00e4rksammat men lika allvarligt \u00e4r politisk greenwashing \u2013 reformer som beskrivs som gr\u00f6na utan grund. Ett tydligt exempel \u00e4r elektronik\u00adskatten. Regeringen har marknadsf\u00f6rt den som en milj\u00f6skatt, men i\u00a0praktiken \u00e4r den bara ett s\u00e4tt f\u00f6r staten att samla in pengar, utan n\u00e5gon positiv effekt p\u00e5 milj\u00f6n. Trots att flera myndigheter [&hellip;]<\/p>\n","protected":false},"author":1,"featured_media":1400474,"comment_status":"closed","ping_status":"closed","sticky":false,"template":"","format":"standard","meta":{"footnotes":""},"categories":[9],"tags":[],"class_list":["post-1400613","post","type-post","status-publish","format-standard","has-post-thumbnail","hentry","category-elektronikskatten"],"acf":[],"_links":{"self":[{"href":"https:\/\/www.applia-sverige.se\/en\/wp-json\/wp\/v2\/posts\/1400613","targetHints":{"allow":["GET"]}}],"collection":[{"href":"https:\/\/www.applia-sverige.se\/en\/wp-json\/wp\/v2\/posts"}],"about":[{"href":"https:\/\/www.applia-sverige.se\/en\/wp-json\/wp\/v2\/types\/post"}],"author":[{"embeddable":true,"href":"https:\/\/www.applia-sverige.se\/en\/wp-json\/wp\/v2\/users\/1"}],"replies":[{"embeddable":true,"href":"https:\/\/www.applia-sverige.se\/en\/wp-json\/wp\/v2\/comments?post=1400613"}],"version-history":[{"count":1,"href":"https:\/\/www.applia-sverige.se\/en\/wp-json\/wp\/v2\/posts\/1400613\/revisions"}],"predecessor-version":[{"id":1532948,"href":"https:\/\/www.applia-sverige.se\/en\/wp-json\/wp\/v2\/posts\/1400613\/revisions\/1532948"}],"wp:featuredmedia":[{"embeddable":true,"href":"https:\/\/www.applia-sverige.se\/en\/wp-json\/wp\/v2\/media\/1400474"}],"wp:attachment":[{"href":"https:\/\/www.applia-sverige.se\/en\/wp-json\/wp\/v2\/media?parent=1400613"}],"wp:term":[{"taxonomy":"category","embeddable":true,"href":"https:\/\/www.applia-sverige.se\/en\/wp-json\/wp\/v2\/categories?post=1400613"},{"taxonomy":"post_tag","embeddable":true,"href":"https:\/\/www.applia-sverige.se\/en\/wp-json\/wp\/v2\/tags?post=1400613"}],"curies":[{"name":"wp","href":"https:\/\/api.w.org\/{rel}","templated":true}]}}