{"id":1411059,"date":"2022-10-18T13:24:40","date_gmt":"2022-10-18T11:24:40","guid":{"rendered":"https:\/\/www.applia-sverige.se\/?p=1411059"},"modified":"2024-04-10T07:45:43","modified_gmt":"2024-04-10T07:45:43","slug":"viktig-information-energimyndigheten","status":"publish","type":"post","link":"https:\/\/www.applia-sverige.se\/en\/viktig-information-energimyndigheten\/","title":{"rendered":"Important information from the Swedish Energy Agency"},"content":{"rendered":"<p style=\"font-weight: 400\">The products placed on the market\u00a0<strong>before March 1, 2024<\/strong>\u00a0The retailer may sell for an unlimited period of time and these may continue to be sold with the energy label that came with the product, but must be in accordance with the latest energy labeling regulation for the product in question.<\/p>\n<p style=\"font-weight: 400\">Products covered by the tightening of ecodesign and not meeting the new ecodesign requirements may be placed on the EU market\u00a0<strong>until February 28, 2024<\/strong>. After that, no products may be placed on the market that do not meet the stricter ecodesign requirements.<\/p>\n<p style=\"font-weight: 400\">However, products that are covered by the tightening and are placed on the market from March 1, 2024 must meet the new ecodesign requirements.<\/p>\n<p style=\"font-weight: 400\">A related matter is Article 11.10 of the Framework Regulation, which specifies what applies to the products covered by the tightening and placed on the market from 1 March 2024.<\/p>\n<p style=\"font-weight: 400\">According to Article 11(10) of the Framework Regulation, the energy classes that are no longer permitted under ecodesign \u201dshall be shown on the label in grey (\u2026) The label with grey classes shall only be used for new product units placed on the market or put into service.\u201d Part of the text has been deleted because this is not included in the delegated acts. The Energy Agency is currently discussing this but their preliminary interpretation is that the provision means that all product units placed on the market from 1 March 2024 shall have labels showing the energy classes that are no longer permitted in grey.<\/p>\n<p style=\"font-weight: 400\">The term &quot;placing on the market&quot; is defined in the EU&#039;s Blue Book.\u00a0<a href=\"https:\/\/eur02.safelinks.protection.outlook.com\/?url=https%3A%2F%2Feur-lex.europa.eu%2Flegal-content%2FEN%2FTXT%2F%3Furi%3Duriserv%253AOJ.C_.2022.247.01.0001.01.ENG%26toc%3DOJ%253AC%253A2022%253A247%253ATOC&amp;data=05%7C01%7Cellenor.osterberg%40tebab.com%7C916e909f088c457fc43d08dab04c04d1%7C1d019c94da7b49c2bf935ee1bb4b6882%7C0%7C0%7C638016137786573363%7CUnknown%7CTWFpbGZsb3d8eyJWIjoiMC4wLjAwMDAiLCJQIjoiV2luMzIiLCJBTiI6Ik1haWwiLCJXVCI6Mn0%3D%7C3000%7C%7C%7C&amp;sdata=EXrTZz6s4pLU0z8zI5r9G2px4G3CrxybekcHlBciVaQ%3D&amp;reserved=0\">EUR-Lex \u2013 52022XC0629(04) \u2013 EN \u2013 EUR-Lex (europa.eu)<\/a>\u201d&quot;\u201d<\/p>\n<p style=\"font-weight: 400\">","protected":false},"excerpt":{"rendered":"<p>De produkter som satts p\u00e5 marknaden\u00a0f\u00f6re 1 mars 2024\u00a0f\u00e5r \u00e5terf\u00f6rs\u00e4ljaren s\u00e4lja under obegr\u00e4nsad tid och dessa f\u00e5r forts\u00e4tta s\u00e4ljas med den energim\u00e4rkning som f\u00f6ljt med produkten men m\u00e5ste vara enligt senaste energim\u00e4rkningsf\u00f6rordningen f\u00f6r den aktuella produkten. Produkter som omfattas av sk\u00e4rpningen av ekodesign och inte uppfyller de nya ekodesignkraven f\u00e5r s\u00e4ttas p\u00e5 EU-marknaden\u00a0tom 28 februari [&hellip;]<\/p>\n","protected":false},"author":1,"featured_media":0,"comment_status":"closed","ping_status":"closed","sticky":false,"template":"","format":"standard","meta":{"footnotes":""},"categories":[21],"tags":[],"class_list":["post-1411059","post","type-post","status-publish","format-standard","hentry","category-miljo-hallbarhet"],"acf":[],"_links":{"self":[{"href":"https:\/\/www.applia-sverige.se\/en\/wp-json\/wp\/v2\/posts\/1411059","targetHints":{"allow":["GET"]}}],"collection":[{"href":"https:\/\/www.applia-sverige.se\/en\/wp-json\/wp\/v2\/posts"}],"about":[{"href":"https:\/\/www.applia-sverige.se\/en\/wp-json\/wp\/v2\/types\/post"}],"author":[{"embeddable":true,"href":"https:\/\/www.applia-sverige.se\/en\/wp-json\/wp\/v2\/users\/1"}],"replies":[{"embeddable":true,"href":"https:\/\/www.applia-sverige.se\/en\/wp-json\/wp\/v2\/comments?post=1411059"}],"version-history":[{"count":1,"href":"https:\/\/www.applia-sverige.se\/en\/wp-json\/wp\/v2\/posts\/1411059\/revisions"}],"predecessor-version":[{"id":1541114,"href":"https:\/\/www.applia-sverige.se\/en\/wp-json\/wp\/v2\/posts\/1411059\/revisions\/1541114"}],"wp:attachment":[{"href":"https:\/\/www.applia-sverige.se\/en\/wp-json\/wp\/v2\/media?parent=1411059"}],"wp:term":[{"taxonomy":"category","embeddable":true,"href":"https:\/\/www.applia-sverige.se\/en\/wp-json\/wp\/v2\/categories?post=1411059"},{"taxonomy":"post_tag","embeddable":true,"href":"https:\/\/www.applia-sverige.se\/en\/wp-json\/wp\/v2\/tags?post=1411059"}],"curies":[{"name":"wp","href":"https:\/\/api.w.org\/{rel}","templated":true}]}}