{"id":1416833,"date":"2022-11-08T12:55:28","date_gmt":"2022-11-08T11:55:28","guid":{"rendered":"https:\/\/www.applia-sverige.se\/?p=1416833"},"modified":"2024-03-20T14:24:18","modified_gmt":"2024-03-20T14:24:18","slug":"applia-och-elektronikbranschen-debatterar-i-altinget","status":"publish","type":"post","link":"https:\/\/www.applia-sverige.se\/en\/applia-och-elektronikbranschen-debatterar-i-altinget\/","title":{"rendered":"APPLiA and the Electronics Industry debate in the Althingi"},"content":{"rendered":"<p>A tax without an environmental impact and which is strongly inflationary, partly due to its design, and partly because the tax has been annually increased based on the CPI for a few years now. Abolishing the electronics tax would therefore also function as an anti-inflation measure.<\/p>\n<p>Today we will find out if the government delivers on its promises!<\/p>\n<p><a href=\"https:\/\/www.altinget.se\/miljo\/artikel\/regeringen-maaste-sluta-straffbeskatta-elektronik\">Read the full debate article here.<\/a><\/p>\n<p>&nbsp;<\/p>","protected":false},"excerpt":{"rendered":"<p>En skatt utan milj\u00f6drivande effekt och som \u00e4r starkt inflationsdrivande, dels till f\u00f6ljd av sin utformning, dels p\u00e5 grund av att skatten sedan n\u00e5gra \u00e5r tillbaka \u00e5rligen r\u00e4knas upp utifr\u00e5n KPI. Att avskaffa elektronikskatten skulle d\u00e4rmed \u00e4ven fungera som en inflationsbek\u00e4mpande \u00e5tg\u00e4rd. I dag f\u00e5r vi veta om regeringen levererar p\u00e5 sina l\u00f6ften! L\u00e4s hela [&hellip;]<\/p>\n","protected":false},"author":1,"featured_media":0,"comment_status":"closed","ping_status":"closed","sticky":false,"template":"","format":"standard","meta":{"footnotes":""},"categories":[9],"tags":[],"class_list":["post-1416833","post","type-post","status-publish","format-standard","hentry","category-elektronikskatten"],"acf":[],"_links":{"self":[{"href":"https:\/\/www.applia-sverige.se\/en\/wp-json\/wp\/v2\/posts\/1416833","targetHints":{"allow":["GET"]}}],"collection":[{"href":"https:\/\/www.applia-sverige.se\/en\/wp-json\/wp\/v2\/posts"}],"about":[{"href":"https:\/\/www.applia-sverige.se\/en\/wp-json\/wp\/v2\/types\/post"}],"author":[{"embeddable":true,"href":"https:\/\/www.applia-sverige.se\/en\/wp-json\/wp\/v2\/users\/1"}],"replies":[{"embeddable":true,"href":"https:\/\/www.applia-sverige.se\/en\/wp-json\/wp\/v2\/comments?post=1416833"}],"version-history":[{"count":1,"href":"https:\/\/www.applia-sverige.se\/en\/wp-json\/wp\/v2\/posts\/1416833\/revisions"}],"predecessor-version":[{"id":1532947,"href":"https:\/\/www.applia-sverige.se\/en\/wp-json\/wp\/v2\/posts\/1416833\/revisions\/1532947"}],"wp:attachment":[{"href":"https:\/\/www.applia-sverige.se\/en\/wp-json\/wp\/v2\/media?parent=1416833"}],"wp:term":[{"taxonomy":"category","embeddable":true,"href":"https:\/\/www.applia-sverige.se\/en\/wp-json\/wp\/v2\/categories?post=1416833"},{"taxonomy":"post_tag","embeddable":true,"href":"https:\/\/www.applia-sverige.se\/en\/wp-json\/wp\/v2\/tags?post=1416833"}],"curies":[{"name":"wp","href":"https:\/\/api.w.org\/{rel}","templated":true}]}}