{"id":1427892,"date":"2022-12-20T10:53:25","date_gmt":"2022-12-20T09:53:25","guid":{"rendered":"https:\/\/applia.acrowd.se\/?post_type=post&#038;p=1427892"},"modified":"2024-04-10T07:35:18","modified_gmt":"2024-04-10T07:35:18","slug":"elektronikskatten-detta-hander-2023","status":"publish","type":"post","link":"https:\/\/www.applia-sverige.se\/en\/elektronikskatten-detta-hander-2023\/","title":{"rendered":"The electronics tax \u2013 this is happening in 2023\u2026"},"content":{"rendered":"<p style=\"font-weight: 400\"><strong>On December 13, the Riksdag adopted the budget bill containing the changes to the electronics tax that had already been announced by the previous government.<\/strong><\/p>\n<p style=\"font-weight: 400\">Previously, on October 26, the Riksdag had said no to an annual over-indexation of 2 percent in addition to the annual CPI indexation that applies to the electronics tax. The parties that voted against the over-indexation also verbally saw the electronics tax as a target in the Riksdag debate. Nevertheless, the tax remains and will now be raised significantly in 2023, starting in January with an inflation increase of 9 percent. See previous posts in APPLiAnytt here. <a href=\"https:\/\/www.applia-sverige.se\/en\/post\/andrade-skattesatser-elektronikskatten\/\">Changed tax rates \/ electronics tax \u2013 APPLiA (applia-sverige.se)<\/a><\/p>\n<h4 style=\"font-weight: 400\"><strong>The \u201dsimplified\u201d electronics tax will have major consequences<\/strong><\/h4>\n<p style=\"font-weight: 400\">What is striking about the budget bill is that the previous government&#039;s proposal to &quot;simplify the chemicals tax&quot; will now be implemented by the new government in its entirety, effective from July 1, 2023. This was completely unexpected for all of us who have followed the debate about the electronics tax since it was introduced.<\/p>\n<p style=\"font-weight: 400\">The biggest impact on tax collection is the decision to remove the distinction between additively added flame retardants and reactively added ones. The presence of reactive flame retardants has so far provided the opportunity for a deduction of 50 or 90 percent from the tax. The deduction existed because it was considered less environmentally damaging with reactively added agents. Now that opportunity is disappearing and taxpayers in the white goods industry now expect to pay full tax \u2013 without being able to make deductions from July 2023.<\/p>\n<h4 style=\"font-weight: 400\"><strong>Government: &quot;the changes must not lead to increased taxes&quot;\u201d<\/strong><\/h4>\n<p style=\"font-weight: 400\">Admittedly, government officials knew that tax collection would thus increase and have therefore calculated a &quot;compensation&quot; in the form of some minor adjustments to the tax rates from this date. See the right column below:<\/p>\n<p><a href=\"https:\/\/www.applia-sverige.se\/wp-content\/uploads\/2022\/12\/Namnlos.png\"><img loading=\"lazy\" decoding=\"async\" class=\"alignnone  wp-image-1427904\" src=\"https:\/\/www.applia-sverige.se\/wp-content\/uploads\/2022\/12\/Namnlos-300x63.png\" alt=\"\" width=\"576\" height=\"121\" srcset=\"https:\/\/www.applia-sverige.se\/wp-content\/uploads\/2022\/12\/Namnlos-300x63.png 300w, https:\/\/www.applia-sverige.se\/wp-content\/uploads\/2022\/12\/Namnlos-768x160.png 768w, https:\/\/www.applia-sverige.se\/wp-content\/uploads\/2022\/12\/Namnlos.png 945w\" sizes=\"auto, (max-width: 576px) 100vw, 576px\" \/><\/a><\/p>\n<p style=\"font-weight: 400\">\u201dThe \u201dcompensation\u201d is, however, unrealistic and will not do justice to the government\u2019s ambition that the \u201dsimplification\u201d should not lead to increased tax collection. In our detailed meetings with the officials who carried out the calculations that the government relies on, it turns out that their calculations are based on estimates and loose assumptions. The Swedish Tax Agency and Customs have so far been unable to deliver any specific statistics for the deductions for the reactive substances and no contacts have been made with companies in the industry to obtain facts on the matter.<\/p>\n<h4 style=\"font-weight: 400\"><strong>Taxes will increase by SEK 900 million from July<\/strong><\/h4>\n<p style=\"font-weight: 400\">In the budget bill impact assessment, the tax was therefore now estimated to DECREASE by SEK 20 million on an annual basis due to the adjusted tax rates from July. APPLiA and the Electronics Industry&#039;s calculations instead show an increase in tax collection by almost SEK 900 million annually! The industry&#039;s calculations are based on actual deductions, the tax outcome in 2021 and the companies&#039; own data.<\/p>\n<p style=\"font-weight: 400\">Read more about the calculation in our memo to relevant politicians in the Riksdag&#039;s tax committee.\u00a0<a href=\"https:\/\/www.applia-sverige.se\/wp-content\/uploads\/2022\/12\/221214-Forenklingenav-elektronikskatten-2.pdf\">here.<\/a><\/p>\n<h4 style=\"font-weight: 400\"><strong>Our efforts continue<\/strong><\/h4>\n<p style=\"font-weight: 400\">APPLiA&#039;s work together with the Electronics Industry is now continuing to inform newly elected politicians, who do not yet have the electronics tax on their retinas, and to influence decision-makers ahead of the spring amendment budget and the next autumn budget. The policymakers are on our side - but &quot;Finance&quot; is considered to need the tax revenue. Today&#039;s 1.7 billion electronics tax will therefore soon become 2.6 billion per year (plus VAT) and contribute to sharply increased prices and fuel inflation! This cannot go on.<\/p>\n<p style=\"font-weight: 400\">\n<p style=\"font-weight: 400\">Text: Kent Oderud, chairman APPLiA \u2013 Sweden<\/p>","protected":false},"excerpt":{"rendered":"<p>Den 13 december antog riksdagen budgetpropositionen inneh\u00e5llandes de f\u00f6r\u00e4ndringar av elektronikskatten som aviserats redan av den f\u00f6rra regeringen. Dessf\u00f6rinnan, den 26 oktober, hade riksdagen sagt nej till en \u00e5rlig \u00f6verindexering p\u00e5 2 procent ut\u00f6ver den \u00e5rliga KPI-indexering som g\u00e4ller f\u00f6r elektronikskatten. De partier som r\u00f6stade bort \u00f6verindexeringen s\u00e5gade ocks\u00e5 elektronikskatten verbalt i riksdagsdebatten. \u00c4nd\u00e5 \u00e4r [&hellip;]<\/p>\n","protected":false},"author":1,"featured_media":1416845,"comment_status":"closed","ping_status":"closed","sticky":false,"template":"","format":"standard","meta":{"footnotes":""},"categories":[9],"tags":[],"class_list":["post-1427892","post","type-post","status-publish","format-standard","has-post-thumbnail","hentry","category-elektronikskatten"],"acf":[],"_links":{"self":[{"href":"https:\/\/www.applia-sverige.se\/en\/wp-json\/wp\/v2\/posts\/1427892","targetHints":{"allow":["GET"]}}],"collection":[{"href":"https:\/\/www.applia-sverige.se\/en\/wp-json\/wp\/v2\/posts"}],"about":[{"href":"https:\/\/www.applia-sverige.se\/en\/wp-json\/wp\/v2\/types\/post"}],"author":[{"embeddable":true,"href":"https:\/\/www.applia-sverige.se\/en\/wp-json\/wp\/v2\/users\/1"}],"replies":[{"embeddable":true,"href":"https:\/\/www.applia-sverige.se\/en\/wp-json\/wp\/v2\/comments?post=1427892"}],"version-history":[{"count":1,"href":"https:\/\/www.applia-sverige.se\/en\/wp-json\/wp\/v2\/posts\/1427892\/revisions"}],"predecessor-version":[{"id":1541095,"href":"https:\/\/www.applia-sverige.se\/en\/wp-json\/wp\/v2\/posts\/1427892\/revisions\/1541095"}],"wp:featuredmedia":[{"embeddable":true,"href":"https:\/\/www.applia-sverige.se\/en\/wp-json\/wp\/v2\/media\/1416845"}],"wp:attachment":[{"href":"https:\/\/www.applia-sverige.se\/en\/wp-json\/wp\/v2\/media?parent=1427892"}],"wp:term":[{"taxonomy":"category","embeddable":true,"href":"https:\/\/www.applia-sverige.se\/en\/wp-json\/wp\/v2\/categories?post=1427892"},{"taxonomy":"post_tag","embeddable":true,"href":"https:\/\/www.applia-sverige.se\/en\/wp-json\/wp\/v2\/tags?post=1427892"}],"curies":[{"name":"wp","href":"https:\/\/api.w.org\/{rel}","templated":true}]}}