{"id":1436754,"date":"2023-01-24T16:42:18","date_gmt":"2023-01-24T15:42:18","guid":{"rendered":"https:\/\/applia.acrowd.se\/?post_type=post&#038;p=1436754"},"modified":"2024-04-10T07:34:29","modified_gmt":"2024-04-10T07:34:29","slug":"applias-vd-om-2023-nytt-ar-nya-och-gamla-utmaningar","status":"publish","type":"post","link":"https:\/\/www.applia-sverige.se\/en\/applias-vd-om-2023-nytt-ar-nya-och-gamla-utmaningar\/","title":{"rendered":"Applia&#039;s CEO on 2023 \u2013 new year, new and old challenges"},"content":{"rendered":"<p style=\"font-weight: 400\"><strong>The Ox Weeks are in full swing and Applia has kicked off the new business area with a presence at one of the world&#039;s largest trade fairs, intensified advocacy work and new approaches to our valued newsletter. For the sake of simplicity, I&#039;m listing a few headlines to keep an eye on in 2023. <\/strong><\/p>\n<p style=\"font-weight: 400\"><strong>Electronics tax<br \/>\n<\/strong>Applia will continue to work for a change in the electronics tax until our goal is met. We will now change our focus slightly and move from a PR effort to a PA effort, which means more direct dialogue with decision-makers and relevant government personnel. Our hope remains that the new government and the Sweden Democrats will keep their previous promises and phase out the tax. We will continue to update you continuously on this work in our communication channels.<\/p>\n<p style=\"font-weight: 400\"><strong>New release frequency for AppliaNews<br \/>\n<\/strong>AppliaNytt will transition to a monthly edition from January. The content will be reoriented to more clearly follow Applia Sweden&#039;s long-term goals and communication strategy. Every month, you as a reader will of course be able to take advantage of the latest in Applia&#039;s operations, fresh statistics, the industry&#039;s technical innovations, global monitoring and our advocacy work for the good of the industry.<\/p>\n<p style=\"font-weight: 400\"><strong>Investment in new system for market statistics starting in 2024<br \/>\n<\/strong>Together with Applia&#039;s sister organizations around the Nordic region, we are now collecting all national and Nordic statistics in a common system.<\/p>\n<p style=\"font-weight: 400\"><strong>Digital product passports<br \/>\n<\/strong>Digital product passports are the result of the review of the EU&#039;s Ecodesign Directive. The product passports are expected to be introduced in Sweden shortly and aim to increase traceability and facilitate the circular economy. The product passports will be updated throughout the product&#039;s entire life cycle and include information on manufacturing, materials and deliveries.<\/p>\n<p style=\"font-weight: 400\"><strong>Reuse and recycling<br \/>\n<\/strong>Applia, as owner of El-Kretsen, is now stepping up its recycling efforts to develop opportunities for commercial recycling alongside the regular recycling operations in which El-Kretsen is a world leader.<\/p>\n<p style=\"font-weight: 400\"><strong>Important issues at EU level<br \/>\n<\/strong>Applia Europe works together with the national organizations in advocacy on important issues such as the revision of REACH and RoHS, F-gases, reparability index in ECO design, energy efficiency and energy saving, and cybersecurity, all of which in their own way affect our products.<\/p>\n<p style=\"font-weight: 400\">\/Matts Sp\u00e5ngberg, CEO Applia Sweden<\/p>","protected":false},"excerpt":{"rendered":"<p>Oxveckorna \u00e4r i full g\u00e5ng och Applia har rivstartat det nya verksamhetsomr\u00e5det med n\u00e4rvaro under en av v\u00e4rldens st\u00f6rsta m\u00e4ssor, intensifierat p\u00e5verkansarbete och nytag kring v\u00e5rt uppskattade nyhetsbrev. F\u00f6r enkelhetens skull listar jag n\u00e5gra rubriker att h\u00e5lla extra koll p\u00e5 under 2023. Elektronikskatten Applia kommer forts\u00e4tta att arbeta f\u00f6r en f\u00f6r\u00e4ndring av elektronikskatten tills v\u00e5rt [&hellip;]<\/p>\n","protected":false},"author":1,"featured_media":1436988,"comment_status":"closed","ping_status":"closed","sticky":false,"template":"","format":"standard","meta":{"footnotes":""},"categories":[10],"tags":[],"class_list":["post-1436754","post","type-post","status-publish","format-standard","has-post-thumbnail","hentry","category-foreningsnyheter"],"acf":[],"_links":{"self":[{"href":"https:\/\/www.applia-sverige.se\/en\/wp-json\/wp\/v2\/posts\/1436754","targetHints":{"allow":["GET"]}}],"collection":[{"href":"https:\/\/www.applia-sverige.se\/en\/wp-json\/wp\/v2\/posts"}],"about":[{"href":"https:\/\/www.applia-sverige.se\/en\/wp-json\/wp\/v2\/types\/post"}],"author":[{"embeddable":true,"href":"https:\/\/www.applia-sverige.se\/en\/wp-json\/wp\/v2\/users\/1"}],"replies":[{"embeddable":true,"href":"https:\/\/www.applia-sverige.se\/en\/wp-json\/wp\/v2\/comments?post=1436754"}],"version-history":[{"count":1,"href":"https:\/\/www.applia-sverige.se\/en\/wp-json\/wp\/v2\/posts\/1436754\/revisions"}],"predecessor-version":[{"id":1541091,"href":"https:\/\/www.applia-sverige.se\/en\/wp-json\/wp\/v2\/posts\/1436754\/revisions\/1541091"}],"wp:featuredmedia":[{"embeddable":true,"href":"https:\/\/www.applia-sverige.se\/en\/wp-json\/wp\/v2\/media\/1436988"}],"wp:attachment":[{"href":"https:\/\/www.applia-sverige.se\/en\/wp-json\/wp\/v2\/media?parent=1436754"}],"wp:term":[{"taxonomy":"category","embeddable":true,"href":"https:\/\/www.applia-sverige.se\/en\/wp-json\/wp\/v2\/categories?post=1436754"},{"taxonomy":"post_tag","embeddable":true,"href":"https:\/\/www.applia-sverige.se\/en\/wp-json\/wp\/v2\/tags?post=1436754"}],"curies":[{"name":"wp","href":"https:\/\/api.w.org\/{rel}","templated":true}]}}