{"id":1456690,"date":"2023-04-18T15:06:51","date_gmt":"2023-04-18T13:06:51","guid":{"rendered":"https:\/\/applia.acrowd.se\/?post_type=post&#038;p=1456690"},"modified":"2024-04-10T07:31:57","modified_gmt":"2024-04-10T07:31:57","slug":"applia-oppnar-upp-for-professionella-produkter","status":"publish","type":"post","link":"https:\/\/www.applia-sverige.se\/en\/applia-oppnar-upp-for-professionella-produkter\/","title":{"rendered":"APPLiA opens up for professional products\u00a0"},"content":{"rendered":"<p><strong>Applia is now taking the next step in the development of its operations. We are growing with both new members and expanded operations in connection with existing companies. One of the main reasons is that professional equipment is increasingly subject to similar regulations in several areas, not least around Energy Labeling, ECO Design and Producer Responsibility.\u00a0<\/strong><\/p>\n<p><span data-contrast=\"none\">As a first step in the new business, a working group for companies working in professional laundry is now being formed. In this segment, Applia, with existing and new members (Electrolux Professional, Elektroskandia\/Cylinda, Gorenje\/ASKO, Miele and Podab), will have a market coverage well above 90%.\u00a0<\/span><span data-ccp-props=\"{&quot;201341983&quot;:0,&quot;335559739&quot;:160,&quot;335559740&quot;:259}\">\u00a0<\/span><\/p>\n<p><span data-contrast=\"none\">Business development and more focus on the professional market may also occur in areas such as dishwashers or refrigerators\/freezers, where we have well-established contacts with, for example, the Swedish Energy Agency. Air-to-air heat pumps (HVAC), which are already handled by Applia at a European level, may also become part of Applia Sweden&#039;s business focus going forward.<\/span><span data-ccp-props=\"{&quot;201341983&quot;:0,&quot;335559739&quot;:160,&quot;335559740&quot;:259}\">\u00a0<\/span><\/p>\n<p><span data-ccp-props=\"{&quot;201341983&quot;:0,&quot;335559739&quot;:160,&quot;335559740&quot;:259}\">\u00a0\/Matts Sp\u00e5ngberg<\/span><\/p>","protected":false},"excerpt":{"rendered":"<p>Applia tar nu n\u00e4sta steg i utvecklingen av verksamhet. Vi v\u00e4xer med s\u00e5 v\u00e4l nya medlemmar som ut\u00f6kad verksamhet i anslutning till befintliga f\u00f6retag.\u00a0 En av de stora orsakerna \u00e4r att proffsutrustning i allt st\u00f6rre utstr\u00e4ckning f\u00e5r likartade best\u00e4mmelser inom flera omr\u00e5den, inte minst kring Energim\u00e4rkning, ECO-design och producentansvar.\u00a0 Som ett f\u00f6rsta steg i den [&hellip;]<\/p>\n","protected":false},"author":1,"featured_media":1456691,"comment_status":"closed","ping_status":"closed","sticky":false,"template":"","format":"standard","meta":{"footnotes":""},"categories":[10],"tags":[],"class_list":["post-1456690","post","type-post","status-publish","format-standard","has-post-thumbnail","hentry","category-foreningsnyheter"],"acf":[],"_links":{"self":[{"href":"https:\/\/www.applia-sverige.se\/en\/wp-json\/wp\/v2\/posts\/1456690","targetHints":{"allow":["GET"]}}],"collection":[{"href":"https:\/\/www.applia-sverige.se\/en\/wp-json\/wp\/v2\/posts"}],"about":[{"href":"https:\/\/www.applia-sverige.se\/en\/wp-json\/wp\/v2\/types\/post"}],"author":[{"embeddable":true,"href":"https:\/\/www.applia-sverige.se\/en\/wp-json\/wp\/v2\/users\/1"}],"replies":[{"embeddable":true,"href":"https:\/\/www.applia-sverige.se\/en\/wp-json\/wp\/v2\/comments?post=1456690"}],"version-history":[{"count":1,"href":"https:\/\/www.applia-sverige.se\/en\/wp-json\/wp\/v2\/posts\/1456690\/revisions"}],"predecessor-version":[{"id":1541081,"href":"https:\/\/www.applia-sverige.se\/en\/wp-json\/wp\/v2\/posts\/1456690\/revisions\/1541081"}],"wp:featuredmedia":[{"embeddable":true,"href":"https:\/\/www.applia-sverige.se\/en\/wp-json\/wp\/v2\/media\/1456691"}],"wp:attachment":[{"href":"https:\/\/www.applia-sverige.se\/en\/wp-json\/wp\/v2\/media?parent=1456690"}],"wp:term":[{"taxonomy":"category","embeddable":true,"href":"https:\/\/www.applia-sverige.se\/en\/wp-json\/wp\/v2\/categories?post=1456690"},{"taxonomy":"post_tag","embeddable":true,"href":"https:\/\/www.applia-sverige.se\/en\/wp-json\/wp\/v2\/tags?post=1456690"}],"curies":[{"name":"wp","href":"https:\/\/api.w.org\/{rel}","templated":true}]}}