{"id":1456693,"date":"2023-04-19T10:12:04","date_gmt":"2023-04-19T08:12:04","guid":{"rendered":"https:\/\/applia.acrowd.se\/?post_type=post&#038;p=1456693"},"modified":"2024-04-10T07:31:48","modified_gmt":"2024-04-10T07:31:48","slug":"sa-mycket-har-elektronikskatten-kostat-2022","status":"publish","type":"post","link":"https:\/\/www.applia-sverige.se\/en\/sa-mycket-har-elektronikskatten-kostat-2022\/","title":{"rendered":"This is how much the electronics tax has cost in 2022"},"content":{"rendered":"<p><strong>Applia sl\u00e4pper nu sin \u00e5rliga rapport i pdf-format om hur lagen om skatt p\u00e5 kemikalier i viss elektronik (LSKE, \u00e4ven kallad elektronikskatten) utvecklat sig. Skatten har funnits i fem och ett halvt \u00e5r. Under denna tid har ett samlat skatteuttag av skatt p\u00e5 8,5 miljarder f\u00f6rdyrat vitvaror, dammsugare, TV, datorer, mobiltelefoner, spelkonsoler och annan elektronisk utrustning f\u00f6r de svenska konsumenterna och bidragit till en \u00f6kande inflation.\u00a0\u00a0<\/strong><\/p>\n<h3><span data-contrast=\"none\">Milj\u00f6skatt?<\/span><span data-ccp-props=\"{&quot;201341983&quot;:0,&quot;335559739&quot;:160,&quot;335559740&quot;:259}\">\u00a0<\/span><\/h3>\n<p><span data-contrast=\"auto\">Skatten inf\u00f6rdes som en \u201cmilj\u00f6skatt\u201d under sommaren 2017, men enligt EU-regler f\u00e5r den nu inte kallas det d\u00e5 den inte har n\u00e5gon milj\u00f6effekt p\u00e5 den produktion av elektronik som sker globalt. Skatten har varit starkt kritiserad fr\u00e5n alla ber\u00f6rda branschorganisationer men ocks\u00e5 fr\u00e5n statens egna myndigheter Skatteverket och Kemikalieinspektionen. Trots l\u00f6ften om att avskaffa skatten fr\u00e5n partierna som tillsatt den nya regeringen har \u00e4nnu inget h\u00e4nt.\u00a0\u00a0<\/span><span data-ccp-props=\"{&quot;201341983&quot;:0,&quot;335559739&quot;:160,&quot;335559740&quot;:259}\">\u00a0<\/span><\/p>\n<h3><a href=\"https:\/\/www.applia-sverige.se\/wp-content\/uploads\/2023\/04\/AppliaNytt_rapport_LSKE.pdf\"><span data-contrast=\"none\">L\u00e4s rapporten h\u00e4r!<\/span><\/a><\/h3>\n<p><span data-contrast=\"auto\">Rapporten samlar all information i pdf-format om hur elektronikskatten utvecklats under 2022 och j\u00e4mf\u00f6r med tidigare \u00e5r. Rapporten ger bland annat svar p\u00e5 fr\u00e5gorna:<\/span><span data-ccp-props=\"{&quot;201341983&quot;:0,&quot;335559739&quot;:160,&quot;335559740&quot;:259}\">\u00a0<\/span><\/p>\n<ul>\n<li data-leveltext=\"\uf0b7\" data-font=\"Symbol\" data-listid=\"1\" data-list-defn-props=\"{&quot;335552541&quot;:1,&quot;335559684&quot;:-2,&quot;335559685&quot;:776,&quot;335559991&quot;:360,&quot;469769226&quot;:&quot;Symbol&quot;,&quot;469769242&quot;:[8226],&quot;469777803&quot;:&quot;left&quot;,&quot;469777804&quot;:&quot;\uf0b7&quot;,&quot;469777815&quot;:&quot;hybridMultilevel&quot;}\" data-aria-posinset=\"1\" data-aria-level=\"1\"><span data-contrast=\"auto\">Hur mycket elektronikskatt betalas av de olika branscherna?<\/span><span data-ccp-props=\"{&quot;201341983&quot;:0,&quot;335559739&quot;:160,&quot;335559740&quot;:259}\">\u00a0<\/span><\/li>\n<li data-leveltext=\"\uf0b7\" data-font=\"Symbol\" data-listid=\"1\" data-list-defn-props=\"{&quot;335552541&quot;:1,&quot;335559684&quot;:-2,&quot;335559685&quot;:776,&quot;335559991&quot;:360,&quot;469769226&quot;:&quot;Symbol&quot;,&quot;469769242&quot;:[8226],&quot;469777803&quot;:&quot;left&quot;,&quot;469777804&quot;:&quot;\uf0b7&quot;,&quot;469777815&quot;:&quot;hybridMultilevel&quot;}\" data-aria-posinset=\"2\" data-aria-level=\"1\"><span data-contrast=\"auto\">Vilken bransch betalar mest?<\/span><span data-ccp-props=\"{&quot;201341983&quot;:0,&quot;335559739&quot;:160,&quot;335559740&quot;:259}\">\u00a0<\/span><\/li>\n<li data-leveltext=\"\uf0b7\" data-font=\"Symbol\" data-listid=\"1\" data-list-defn-props=\"{&quot;335552541&quot;:1,&quot;335559684&quot;:-2,&quot;335559685&quot;:776,&quot;335559991&quot;:360,&quot;469769226&quot;:&quot;Symbol&quot;,&quot;469769242&quot;:[8226],&quot;469777803&quot;:&quot;left&quot;,&quot;469777804&quot;:&quot;\uf0b7&quot;,&quot;469777815&quot;:&quot;hybridMultilevel&quot;}\" data-aria-posinset=\"3\" data-aria-level=\"1\"><span data-contrast=\"auto\">\u00c4ndras skatteavdragen \u00f6ver tid?<\/span><span data-ccp-props=\"{&quot;201341983&quot;:0,&quot;335559739&quot;:160,&quot;335559740&quot;:259}\">\u00a0<\/span><\/li>\n<li data-leveltext=\"\uf0b7\" data-font=\"Symbol\" data-listid=\"1\" data-list-defn-props=\"{&quot;335552541&quot;:1,&quot;335559684&quot;:-2,&quot;335559685&quot;:776,&quot;335559991&quot;:360,&quot;469769226&quot;:&quot;Symbol&quot;,&quot;469769242&quot;:[8226],&quot;469777803&quot;:&quot;left&quot;,&quot;469777804&quot;:&quot;\uf0b7&quot;,&quot;469777815&quot;:&quot;hybridMultilevel&quot;}\" data-aria-posinset=\"4\" data-aria-level=\"1\"><span data-contrast=\"auto\">Fungerar skatteuppb\u00f6rden f\u00f6r utl\u00e4ndska akt\u00f6rer?<\/span><span data-ccp-props=\"{&quot;201341983&quot;:0,&quot;335559739&quot;:160,&quot;335559740&quot;:259}\">\u00a0<\/span><\/li>\n<li data-leveltext=\"\uf0b7\" data-font=\"Symbol\" data-listid=\"1\" data-list-defn-props=\"{&quot;335552541&quot;:1,&quot;335559684&quot;:-2,&quot;335559685&quot;:776,&quot;335559991&quot;:360,&quot;469769226&quot;:&quot;Symbol&quot;,&quot;469769242&quot;:[8226],&quot;469777803&quot;:&quot;left&quot;,&quot;469777804&quot;:&quot;\uf0b7&quot;,&quot;469777815&quot;:&quot;hybridMultilevel&quot;}\" data-aria-posinset=\"5\" data-aria-level=\"1\"><span data-contrast=\"auto\">Hur kommer skatteuttaget att utvecklas fram\u00f6ver?<\/span><span data-ccp-props=\"{&quot;201341983&quot;:0,&quot;335559739&quot;:160,&quot;335559740&quot;:259}\">\u00a0<\/span><\/li>\n<\/ul>\n<p><span data-contrast=\"auto\">Rapporten visar att Skatteverket erh\u00e5llit inbetalningar f\u00f6r elektronikskatten under 2022 som ligger n\u00e5gra procent l\u00e4gre (-5%) \u00e4n skatteint\u00e4kterna f\u00f6reg\u00e5ende \u00e5r. Se v\u00e5gsk\u00e5larna h\u00e4r nedan:\u00a0<\/span><span data-ccp-props=\"{&quot;201341983&quot;:0,&quot;335559739&quot;:160,&quot;335559740&quot;:259}\">\u00a0<\/span><\/p>\n<p><span data-ccp-props=\"{&quot;201341983&quot;:0,&quot;335559739&quot;:160,&quot;335559740&quot;:259}\"> <a href=\"https:\/\/www.applia-sverige.se\/wp-content\/uploads\/2023\/04\/LSKE.png\"><img loading=\"lazy\" decoding=\"async\" class=\"alignnone wp-image-1456868 size-full\" src=\"https:\/\/www.applia-sverige.se\/wp-content\/uploads\/2023\/04\/LSKE.png\" alt=\"\" width=\"606\" height=\"340\" srcset=\"https:\/\/www.applia-sverige.se\/wp-content\/uploads\/2023\/04\/LSKE.png 606w, https:\/\/www.applia-sverige.se\/wp-content\/uploads\/2023\/04\/LSKE-300x168.png 300w\" sizes=\"auto, (max-width: 606px) 100vw, 606px\" \/><\/a><\/span><\/p>\n<p><span data-contrast=\"auto\">Den marginella nedg\u00e5ngen av skatteint\u00e4kterna mellan 2022 och 2021 beror p\u00e5 att indexuppr\u00e4kningen vid \u00e5rsskiftet 21\/22 var relativt l\u00e5g (&lt;2%) i kombination med att f\u00f6rs\u00e4ljningen av de skattebelagda produkterna har uppvisat en r\u00e4tt kraftig nedg\u00e5ng under \u00e5ret. F\u00f6r vitvaror (MDA) ligger denna tillbakag\u00e5ng av f\u00f6rs\u00e4ljningen p\u00e5 ca 10 procent.\u00a0<\/span><span data-ccp-props=\"{&quot;201341983&quot;:0,&quot;335559739&quot;:160,&quot;335559740&quot;:259}\">\u00a0<\/span><\/p>\n<p><span data-contrast=\"auto\">Rapporten ber\u00e4ttar vidare att kraftiga h\u00f6jningar av skatteuttaget f\u00f6rv\u00e4ntas under 2023 \u2013 dels genom att den genomf\u00f6rda indexuppr\u00e4kningen f\u00f6ljer inflationen och d\u00e4rf\u00f6r landade p\u00e5 hela nio procent fr\u00e5n \u00e5rsstarten. Och dels f\u00f6r att avdragsm\u00f6jligheterna inom LSKE begr\u00e4nsas kraftigt fr\u00e5n den 1 juli 2023.\u00a0<\/span><span data-ccp-props=\"{&quot;201341983&quot;:0,&quot;335559739&quot;:160,&quot;335559740&quot;:259}\">\u00a0<\/span><\/p>\n<p><a href=\"https:\/\/www.applia-sverige.se\/wp-content\/uploads\/2023\/04\/AppliaNytt_rapport_LSKE.pdf\"><span data-contrast=\"auto\">L\u00e4s hela rapporten h\u00e4r!<\/span><\/a><\/p>\n<p><span data-contrast=\"auto\">\/Kent Oderud<\/span><\/p>\n","protected":false},"excerpt":{"rendered":"<p>Applia sl\u00e4pper nu sin \u00e5rliga rapport i pdf-format om hur lagen om skatt p\u00e5 kemikalier i viss elektronik (LSKE, \u00e4ven kallad elektronikskatten) utvecklat sig. Skatten har funnits i fem och ett halvt \u00e5r. Under denna tid har ett samlat skatteuttag av skatt p\u00e5 8,5 miljarder f\u00f6rdyrat vitvaror, dammsugare, TV, datorer, mobiltelefoner, spelkonsoler och annan elektronisk [&hellip;]<\/p>\n","protected":false},"author":1,"featured_media":1456870,"comment_status":"closed","ping_status":"closed","sticky":false,"template":"","format":"standard","meta":{"footnotes":""},"categories":[9],"tags":[],"class_list":["post-1456693","post","type-post","status-publish","format-standard","has-post-thumbnail","hentry","category-elektronikskatten"],"acf":[],"_links":{"self":[{"href":"https:\/\/www.applia-sverige.se\/en\/wp-json\/wp\/v2\/posts\/1456693","targetHints":{"allow":["GET"]}}],"collection":[{"href":"https:\/\/www.applia-sverige.se\/en\/wp-json\/wp\/v2\/posts"}],"about":[{"href":"https:\/\/www.applia-sverige.se\/en\/wp-json\/wp\/v2\/types\/post"}],"author":[{"embeddable":true,"href":"https:\/\/www.applia-sverige.se\/en\/wp-json\/wp\/v2\/users\/1"}],"replies":[{"embeddable":true,"href":"https:\/\/www.applia-sverige.se\/en\/wp-json\/wp\/v2\/comments?post=1456693"}],"version-history":[{"count":1,"href":"https:\/\/www.applia-sverige.se\/en\/wp-json\/wp\/v2\/posts\/1456693\/revisions"}],"predecessor-version":[{"id":1541080,"href":"https:\/\/www.applia-sverige.se\/en\/wp-json\/wp\/v2\/posts\/1456693\/revisions\/1541080"}],"wp:featuredmedia":[{"embeddable":true,"href":"https:\/\/www.applia-sverige.se\/en\/wp-json\/wp\/v2\/media\/1456870"}],"wp:attachment":[{"href":"https:\/\/www.applia-sverige.se\/en\/wp-json\/wp\/v2\/media?parent=1456693"}],"wp:term":[{"taxonomy":"category","embeddable":true,"href":"https:\/\/www.applia-sverige.se\/en\/wp-json\/wp\/v2\/categories?post=1456693"},{"taxonomy":"post_tag","embeddable":true,"href":"https:\/\/www.applia-sverige.se\/en\/wp-json\/wp\/v2\/tags?post=1456693"}],"curies":[{"name":"wp","href":"https:\/\/api.w.org\/{rel}","templated":true}]}}