{"id":1464519,"date":"2023-05-24T10:18:53","date_gmt":"2023-05-24T08:18:53","guid":{"rendered":"https:\/\/www.applia-sverige.se\/?p=1464519"},"modified":"2023-05-24T10:18:53","modified_gmt":"2023-05-24T08:18:53","slug":"peder-qwist-ny-ledamot-i-applia-sverige","status":"publish","type":"post","link":"https:\/\/www.applia-sverige.se\/en\/peder-qwist-ny-ledamot-i-applia-sverige\/","title":{"rendered":"Peder Qwist new board member of Applia Sweden"},"content":{"rendered":"<p><span data-contrast=\"auto\">\u2013 <\/span><span data-contrast=\"auto\">Severin has been a member of Applia for many years. As a representative of a member company, I see it as natural and obvious to also stand as a member of the organization&#039;s board when asked. It will be incredibly exciting to be able to participate and strengthen the industry together with colleagues on the board, says Peder Q<\/span>w<span data-contrast=\"auto\">ice.\u00a0<\/span><span data-ccp-props=\"{&quot;201341983&quot;:0,&quot;335559685&quot;:360,&quot;335559739&quot;:160,&quot;335559740&quot;:259,&quot;335559991&quot;:360}\"> <a href=\"https:\/\/www.applia-sverige.se\/wp-content\/uploads\/2023\/05\/Peder-Qwist.jpeg\"><img loading=\"lazy\" decoding=\"async\" class=\"size-full wp-image-1464520 alignright\" src=\"https:\/\/www.applia-sverige.se\/wp-content\/uploads\/2023\/05\/Peder-Qwist.jpeg\" alt=\"\" width=\"200\" height=\"200\" srcset=\"https:\/\/www.applia-sverige.se\/wp-content\/uploads\/2023\/05\/Peder-Qwist.jpeg 200w, https:\/\/www.applia-sverige.se\/wp-content\/uploads\/2023\/05\/Peder-Qwist-150x150.jpeg 150w\" sizes=\"auto, (max-width: 200px) 100vw, 200px\" \/><\/a><\/span><\/p>\n<p><span data-contrast=\"none\">Peder works as Nordic Country Manager at Severin, focusing on developing the company from a primarily Swedish one to a pan-Nordic one over time.<\/span><span data-ccp-props=\"{&quot;201341983&quot;:0,&quot;335559739&quot;:160,&quot;335559740&quot;:259}\">\u00a0<\/span><\/p>\n<p><span data-contrast=\"none\">\u2013 I have over 36 years of experience in both the brown and white goods industry but started at Severin in May 2022. One of my assignments is to build distribution and relationships between our Nordic customers in the long term. The goal is to strengthen the brand and build a stable company with strategic partners throughout the Nordic region. <\/span><span data-ccp-props=\"{&quot;201341983&quot;:0,&quot;335559685&quot;:360,&quot;335559739&quot;:160,&quot;335559740&quot;:259,&quot;335559991&quot;:360}\">\u00a0<\/span><\/p>\n<p><span data-contrast=\"none\">With his extensive industry experience, he hopes to be able to contribute to the board in large and small ways.\u00a0<\/span><span data-ccp-props=\"{&quot;201341983&quot;:0,&quot;335559739&quot;:160,&quot;335559740&quot;:259}\">\u00a0<\/span><\/p>\n<p><span data-contrast=\"none\">\u2013 Right now I am of course passionate about everything within SDA and small electricity. But I also think that the industry&#039;s commitment regarding the electronics tax is important and I hope to be able to contribute with input there. I also see it as central that we are seen and heard in the right forum and as a board member I will stand up and represent the industry whenever needed.<\/span><span data-ccp-props=\"{&quot;201341983&quot;:0,&quot;335559685&quot;:360,&quot;335559739&quot;:160,&quot;335559740&quot;:259,&quot;335559991&quot;:360}\">\u00a0<\/span><\/p>\n<p><span data-contrast=\"none\">Peder sees increased member engagement and further focus on driving the association forward as a unit as two of the most important goals for Applia&#039;s operations right now.\u00a0<\/span><span data-ccp-props=\"{&quot;201341983&quot;:0,&quot;335559739&quot;:160,&quot;335559740&quot;:259}\">\u00a0<\/span><\/p>\n<p><span data-contrast=\"none\">\u2013 Over time, having a stronger association with more members strengthens us as an industry and our credibility as an industry organization. Then we will have even more opportunities to influence in the right direction for a long-term sustainable and stable industry, he concludes.<\/span><span data-ccp-props=\"{&quot;201341983&quot;:0,&quot;335559739&quot;:160,&quot;335559740&quot;:259}\">\u00a0<\/span><\/p>","protected":false},"excerpt":{"rendered":"<p>&#8211; Severin har varit medlem i Applia under m\u00e5nga \u00e5r. Som f\u00f6retr\u00e4dare f\u00f6r ett medlemsf\u00f6retag ser jag det som naturligt och sj\u00e4lvklart att \u00e4ven st\u00e4lla upp som ledamot i organisationens styrelse n\u00e4r jag tillfr\u00e5gas. Det ska bli oerh\u00f6rt sp\u00e4nnande att f\u00e5 vara med och st\u00e4rka branschen tillsammans med kollegor i styrelsen, ber\u00e4ttar Peder Qwist.\u00a0 Peder [&hellip;]<\/p>\n","protected":false},"author":1,"featured_media":1456691,"comment_status":"open","ping_status":"open","sticky":false,"template":"","format":"standard","meta":{"footnotes":""},"categories":[10],"tags":[],"class_list":["post-1464519","post","type-post","status-publish","format-standard","has-post-thumbnail","hentry","category-foreningsnyheter"],"acf":[],"_links":{"self":[{"href":"https:\/\/www.applia-sverige.se\/en\/wp-json\/wp\/v2\/posts\/1464519","targetHints":{"allow":["GET"]}}],"collection":[{"href":"https:\/\/www.applia-sverige.se\/en\/wp-json\/wp\/v2\/posts"}],"about":[{"href":"https:\/\/www.applia-sverige.se\/en\/wp-json\/wp\/v2\/types\/post"}],"author":[{"embeddable":true,"href":"https:\/\/www.applia-sverige.se\/en\/wp-json\/wp\/v2\/users\/1"}],"replies":[{"embeddable":true,"href":"https:\/\/www.applia-sverige.se\/en\/wp-json\/wp\/v2\/comments?post=1464519"}],"version-history":[{"count":0,"href":"https:\/\/www.applia-sverige.se\/en\/wp-json\/wp\/v2\/posts\/1464519\/revisions"}],"wp:featuredmedia":[{"embeddable":true,"href":"https:\/\/www.applia-sverige.se\/en\/wp-json\/wp\/v2\/media\/1456691"}],"wp:attachment":[{"href":"https:\/\/www.applia-sverige.se\/en\/wp-json\/wp\/v2\/media?parent=1464519"}],"wp:term":[{"taxonomy":"category","embeddable":true,"href":"https:\/\/www.applia-sverige.se\/en\/wp-json\/wp\/v2\/categories?post=1464519"},{"taxonomy":"post_tag","embeddable":true,"href":"https:\/\/www.applia-sverige.se\/en\/wp-json\/wp\/v2\/tags?post=1464519"}],"curies":[{"name":"wp","href":"https:\/\/api.w.org\/{rel}","templated":true}]}}