{"id":1465014,"date":"2023-05-26T09:23:16","date_gmt":"2023-05-26T07:23:16","guid":{"rendered":"https:\/\/applia.acrowd.se\/?post_type=post&#038;p=1465014"},"modified":"2024-04-10T07:31:12","modified_gmt":"2024-04-10T07:31:12","slug":"skarp-branschoverskridande-kritik-mot-elektronikskatten","status":"publish","type":"post","link":"https:\/\/www.applia-sverige.se\/en\/skarp-branschoverskridande-kritik-mot-elektronikskatten\/","title":{"rendered":"Sharp cross-industry criticism of the electronics tax"},"content":{"rendered":"<p>On July 1, the design of the electronics tax will change and deductions will only be possible if the product does not contain bromine, chlorine or phosphorus. If a substance is additive or reactively added, the right to a tax deduction will no longer be affected.<\/p>\n<p>\u2013 In practice, this means that in principle all white goods will be taxed 100 percent without any possibility of deduction, as substitution of the elements is not possible. If we look at the market-leading manufacturers in the industry, they have previously been able to make a 50 percent deduction on approximately 3,000 products. From July 1, there will be almost zero products that will receive a deduction, says APPLiA&#039;s chairman Kent Oderud to the newspaper N\u00e4ringslivet.<\/p>\n<p>Read more in the article below where we direct sharp criticism at the government together with <a href=\"https:\/\/www.linkedin.com\/company\/elektronikbranschen\/\" data-attribute-index=\"0\" data-entity-type=\"MINI_COMPANY\">ElectronicsIndustry <\/a>and <a href=\"https:\/\/www.linkedin.com\/company\/tech-sverige\/\" data-attribute-index=\"2\" data-entity-type=\"MINI_COMPANY\">TechSweden<\/a><\/p>\n<h3><span style=\"color: #008080\"><a style=\"color: #008080\" href=\"https:\/\/www.tn.se\/naringsliv\/28921\/kritiken-regeringen-raknade-fel-elektronikskatten-okar-med-nara-en-miljard\/\">Criticism: The government miscalculated \u2013 the environmental tax increases by almost one billion<\/a><\/span><\/h3>\n<blockquote class=\"wp-embedded-content\" data-secret=\"CyNVIo9FOM\"><p><a href=\"https:\/\/www.tn.se\/naringsliv\/28921\/kritiken-regeringen-raknade-fel-elektronikskatten-okar-med-nara-en-miljard\/\">Criticism: The government miscalculated \u2013 the environmental tax increases by almost one billion<\/a><\/p><\/blockquote>\n<p><iframe loading=\"lazy\" class=\"wp-embedded-content\" sandbox=\"allow-scripts\" security=\"restricted\" style=\"position: absolute; clip: rect(1px, 1px, 1px, 1px);\" title=\"\u201d&quot;Criticism: The government miscalculated \u2013 the environmental tax increases by almost one billion&quot; \u2014 Tidningen N\u00e4ringslivet\" src=\"https:\/\/www.tn.se\/naringsliv\/28921\/kritiken-regeringen-raknade-fel-elektronikskatten-okar-med-nara-en-miljard\/embed\/#?secret=CyNVIo9FOM\" data-secret=\"CyNVIo9FOM\" width=\"500\" height=\"282\" frameborder=\"0\" marginwidth=\"0\" marginheight=\"0\" scrolling=\"no\"><\/iframe><\/p>","protected":false},"excerpt":{"rendered":"<p>Den f\u00f6rsta juli \u00e4ndras elektronikskattens utformning och avdrag blir endast m\u00f6jligt om varan inte inneh\u00e5ller brom, klor eller fosfor. Om ett \u00e4mne \u00e4r additivt eller reaktivt tillsatt ska inte l\u00e4ngre p\u00e5verka r\u00e4tten till skatteavdrag. \u2013 Det h\u00e4r inneb\u00e4r i praktiken att i princip alla vitvaror blir 100 procent beskattade utan avdragsm\u00f6jlighet d\u00e5 en substitution av [&hellip;]<\/p>\n","protected":false},"author":1,"featured_media":1465015,"comment_status":"closed","ping_status":"closed","sticky":false,"template":"","format":"standard","meta":{"footnotes":""},"categories":[9],"tags":[],"class_list":["post-1465014","post","type-post","status-publish","format-standard","has-post-thumbnail","hentry","category-elektronikskatten"],"acf":[],"_links":{"self":[{"href":"https:\/\/www.applia-sverige.se\/en\/wp-json\/wp\/v2\/posts\/1465014","targetHints":{"allow":["GET"]}}],"collection":[{"href":"https:\/\/www.applia-sverige.se\/en\/wp-json\/wp\/v2\/posts"}],"about":[{"href":"https:\/\/www.applia-sverige.se\/en\/wp-json\/wp\/v2\/types\/post"}],"author":[{"embeddable":true,"href":"https:\/\/www.applia-sverige.se\/en\/wp-json\/wp\/v2\/users\/1"}],"replies":[{"embeddable":true,"href":"https:\/\/www.applia-sverige.se\/en\/wp-json\/wp\/v2\/comments?post=1465014"}],"version-history":[{"count":1,"href":"https:\/\/www.applia-sverige.se\/en\/wp-json\/wp\/v2\/posts\/1465014\/revisions"}],"predecessor-version":[{"id":1541077,"href":"https:\/\/www.applia-sverige.se\/en\/wp-json\/wp\/v2\/posts\/1465014\/revisions\/1541077"}],"wp:featuredmedia":[{"embeddable":true,"href":"https:\/\/www.applia-sverige.se\/en\/wp-json\/wp\/v2\/media\/1465015"}],"wp:attachment":[{"href":"https:\/\/www.applia-sverige.se\/en\/wp-json\/wp\/v2\/media?parent=1465014"}],"wp:term":[{"taxonomy":"category","embeddable":true,"href":"https:\/\/www.applia-sverige.se\/en\/wp-json\/wp\/v2\/categories?post=1465014"},{"taxonomy":"post_tag","embeddable":true,"href":"https:\/\/www.applia-sverige.se\/en\/wp-json\/wp\/v2\/tags?post=1465014"}],"curies":[{"name":"wp","href":"https:\/\/api.w.org\/{rel}","templated":true}]}}