{"id":1497328,"date":"2023-09-20T13:06:18","date_gmt":"2023-09-20T11:06:18","guid":{"rendered":"https:\/\/applia.acrowd.se\/?post_type=post&#038;p=1497328"},"modified":"2024-04-10T07:29:03","modified_gmt":"2024-04-10T07:29:03","slug":"semestertakt-pa-marknaden","status":"publish","type":"post","link":"https:\/\/www.applia-sverige.se\/en\/semestertakt-pa-marknaden\/","title":{"rendered":"Holiday pace in the market"},"content":{"rendered":"<p><a href=\"https:\/\/www.applia-sverige.se\/wp-content\/uploads\/2023\/09\/Juli.png\"><img loading=\"lazy\" decoding=\"async\" class=\"wp-image-1497330 alignright\" src=\"https:\/\/www.applia-sverige.se\/wp-content\/uploads\/2023\/09\/Juli.png\" alt=\"\" width=\"422\" height=\"237\" srcset=\"https:\/\/www.applia-sverige.se\/wp-content\/uploads\/2023\/09\/Juli.png 606w, https:\/\/www.applia-sverige.se\/wp-content\/uploads\/2023\/09\/Juli-300x168.png 300w\" sizes=\"auto, (max-width: 422px) 100vw, 422px\" \/><\/a><\/p>\n<p><span data-contrast=\"none\">Deliveries of industry goods to retailers and users during the holiday month of July were clearly lower than in the previous two years (see graph). We have to go back to before 2019 to find an equally weak month in terms of value. If we also take into account the development in fixed prices (= volume), we have to go even further back in time to find similar results for the month of July. It is the larger white goods (MDA) that are most affected. Dishwashers are the only product segment that stands out and is closest to reaching the level of last year. For the other product segments within MDA, the results in July look consistently negative.\u00a0<\/span><span data-ccp-props=\"{&quot;201341983&quot;:0,&quot;335559739&quot;:540,&quot;335559740&quot;:240}\">\u00a0<\/span><\/p>\n<p><a href=\"https:\/\/www.applia-sverige.se\/wp-content\/uploads\/2023\/09\/Juli2.png\"><img loading=\"lazy\" decoding=\"async\" class=\"wp-image-1497331 size-full aligncenter\" src=\"https:\/\/www.applia-sverige.se\/wp-content\/uploads\/2023\/09\/Juli2.png\" alt=\"\" width=\"606\" height=\"340\" srcset=\"https:\/\/www.applia-sverige.se\/wp-content\/uploads\/2023\/09\/Juli2.png 606w, https:\/\/www.applia-sverige.se\/wp-content\/uploads\/2023\/09\/Juli2-300x168.png 300w\" sizes=\"auto, (max-width: 606px) 100vw, 606px\" \/><\/a><\/p>\n<p><b><span data-contrast=\"none\">Some bright spots among household appliances (SDA)<\/span><\/b><span data-ccp-props=\"{&quot;201341983&quot;:0,&quot;335559739&quot;:540,&quot;335559740&quot;:240}\">\u00a0<\/span><\/p>\n<p><span data-contrast=\"none\">The industry&#039;s household appliances (SDA) managed to keep the holiday decline in July at bay, and they are losing just under four percent compared to the same month in 2022. The vacuum cleaner and iron\/ironing equipment segments in particular had a better value outcome than July 2022, which lifted the figures slightly. Accumulated over the first seven months of the year, the SDA result improved slightly and is now at a 12.3 percent decline compared to 2022. Now that autumn and Christmas are approaching, which is normally favorable for the industry, we will see if it is possible to match last year&#039;s figures for the smaller household appliances.\u00a0\u00a0\u00a0<\/span><span data-ccp-props=\"{&quot;201341983&quot;:0,&quot;335559739&quot;:540,&quot;335559740&quot;:240}\">\u00a0<\/span><\/p>\n<p><b><span data-contrast=\"none\">Exciting state budget<\/span><\/b><span data-ccp-props=\"{&quot;201341983&quot;:0,&quot;335559739&quot;:540,&quot;335559740&quot;:240}\">\u00a0<\/span><\/p>\n<p><span data-contrast=\"auto\">Applia has not yet had time to review the autumn budget in its entirety, which was only presented today. But the parts we have been able to see in advance have concerned reduced taxes on snus, the abolition of the single-use bag tax, increased defense appropriations and a raised ceiling for tax deductions and other measures to strengthen the construction and housing sectors.\u00a0<\/span><span data-ccp-props=\"{&quot;201341983&quot;:0,&quot;335559739&quot;:540,&quot;335559740&quot;:240}\">\u00a0<\/span><\/p>\n<p><span data-contrast=\"auto\">The construction industry will need stimulus as there is a near-panic slowdown in housing production in the country. The Forecast Center expects that we will fall all the way down to below 26,000 new housing starts this year \u2013 a new low point.\u00a0\u00a0<\/span><span data-ccp-props=\"{&quot;134233117&quot;:true,&quot;134233118&quot;:true,&quot;201341983&quot;:0,&quot;335559739&quot;:160,&quot;335559740&quot;:240}\">\u00a0<\/span><\/p>\n<p><a href=\"https:\/\/www.applia-sverige.se\/wp-content\/uploads\/2023\/09\/Skarmavbild-2023-09-20-kl.-13.03.23.png\"><img loading=\"lazy\" decoding=\"async\" class=\"size-medium wp-image-1497329 alignright\" src=\"https:\/\/www.applia-sverige.se\/wp-content\/uploads\/2023\/09\/Skarmavbild-2023-09-20-kl.-13.03.23-300x180.png\" alt=\"\" width=\"300\" height=\"180\" srcset=\"https:\/\/www.applia-sverige.se\/wp-content\/uploads\/2023\/09\/Skarmavbild-2023-09-20-kl.-13.03.23-300x180.png 300w, https:\/\/www.applia-sverige.se\/wp-content\/uploads\/2023\/09\/Skarmavbild-2023-09-20-kl.-13.03.23-1024x616.png 1024w, https:\/\/www.applia-sverige.se\/wp-content\/uploads\/2023\/09\/Skarmavbild-2023-09-20-kl.-13.03.23-768x462.png 768w, https:\/\/www.applia-sverige.se\/wp-content\/uploads\/2023\/09\/Skarmavbild-2023-09-20-kl.-13.03.23.png 1456w\" sizes=\"auto, (max-width: 300px) 100vw, 300px\" \/><\/a><\/p>\n<p><span data-contrast=\"none\">The forecast center does not believe in a rapid recovery, but expresses hope that we have reached the bottom in 2023 and that the government&#039;s medicine will have some effect by 2025.\u00a0\u00a0<\/span><span data-ccp-props=\"{&quot;201341983&quot;:0,&quot;335559739&quot;:540,&quot;335559740&quot;:240}\">\u00a0<\/span><\/p>\n<p><b><span data-contrast=\"none\">Retail in general<\/span><\/b><span data-ccp-props=\"{&quot;201341983&quot;:0,&quot;335559739&quot;:540,&quot;335559740&quot;:240}\">\u00a0<\/span><\/p>\n<p><span data-contrast=\"auto\">It appears that household consumption may be partially mitigating the downturn in the Swedish economy. Statistics Sweden reported this week that Swedish retail sales volume increased in July. <\/span><span data-contrast=\"none\">Turnover for the entire retail trade measured in current prices increased by 6.8 percent in July 2023 compared to July 2022. Non-durable goods trade increased by 6.0 percent and grocery trade increased by 8.7 percent.\u00a0<\/span><span data-ccp-props=\"{&quot;201341983&quot;:0,&quot;335559739&quot;:540,&quot;335559740&quot;:240}\">\u00a0<\/span><\/p>\n<p><span data-contrast=\"none\">But it is the price increases that are inflating the figures. Without the impact of inflation with the reporting of so-called fixed prices in retail, the trade in durable goods decreased by 1.9 percent and the trade in grocery goods decreased by 2.5 percent \u2013 all according to Statistics Sweden.\u00a0<\/span><span data-ccp-props=\"{&quot;201341983&quot;:0,&quot;335559739&quot;:360,&quot;335559740&quot;:240}\">\u00a0<\/span><\/p>\n<p><span data-contrast=\"none\">Text: Kent Oderud<\/span><span data-ccp-props=\"{&quot;201341983&quot;:0,&quot;335559739&quot;:360,&quot;335559740&quot;:240}\">\u00a0<\/span><\/p>","protected":false},"excerpt":{"rendered":"<p>Leveranserna av branschvaror till \u00e5terf\u00f6rs\u00e4ljare och anv\u00e4ndare under semesterm\u00e5naden juli l\u00e5g klart l\u00e4gre \u00e4n de tidigare tv\u00e5 \u00e5ren (se graf). Vi f\u00e5r g\u00e5 tillbaka till f\u00f6re 2019 f\u00f6r att hitta en lika svag m\u00e5nad v\u00e4rdem\u00e4ssigt. Tar vi dessutom h\u00e4nsyn till utvecklingen i fasta priser (= volymen) f\u00e5r vi g\u00e5 \u00e4nnu l\u00e4ngre tillbaka i tiden f\u00f6r [&hellip;]<\/p>\n","protected":false},"author":1,"featured_media":1439804,"comment_status":"closed","ping_status":"closed","sticky":false,"template":"","format":"standard","meta":{"footnotes":""},"categories":[15],"tags":[],"class_list":["post-1497328","post","type-post","status-publish","format-standard","has-post-thumbnail","hentry","category-marknadsutveckling"],"acf":[],"_links":{"self":[{"href":"https:\/\/www.applia-sverige.se\/en\/wp-json\/wp\/v2\/posts\/1497328","targetHints":{"allow":["GET"]}}],"collection":[{"href":"https:\/\/www.applia-sverige.se\/en\/wp-json\/wp\/v2\/posts"}],"about":[{"href":"https:\/\/www.applia-sverige.se\/en\/wp-json\/wp\/v2\/types\/post"}],"author":[{"embeddable":true,"href":"https:\/\/www.applia-sverige.se\/en\/wp-json\/wp\/v2\/users\/1"}],"replies":[{"embeddable":true,"href":"https:\/\/www.applia-sverige.se\/en\/wp-json\/wp\/v2\/comments?post=1497328"}],"version-history":[{"count":1,"href":"https:\/\/www.applia-sverige.se\/en\/wp-json\/wp\/v2\/posts\/1497328\/revisions"}],"predecessor-version":[{"id":1541069,"href":"https:\/\/www.applia-sverige.se\/en\/wp-json\/wp\/v2\/posts\/1497328\/revisions\/1541069"}],"wp:featuredmedia":[{"embeddable":true,"href":"https:\/\/www.applia-sverige.se\/en\/wp-json\/wp\/v2\/media\/1439804"}],"wp:attachment":[{"href":"https:\/\/www.applia-sverige.se\/en\/wp-json\/wp\/v2\/media?parent=1497328"}],"wp:term":[{"taxonomy":"category","embeddable":true,"href":"https:\/\/www.applia-sverige.se\/en\/wp-json\/wp\/v2\/categories?post=1497328"},{"taxonomy":"post_tag","embeddable":true,"href":"https:\/\/www.applia-sverige.se\/en\/wp-json\/wp\/v2\/tags?post=1497328"}],"curies":[{"name":"wp","href":"https:\/\/api.w.org\/{rel}","templated":true}]}}