{"id":1497341,"date":"2023-09-20T13:17:58","date_gmt":"2023-09-20T11:17:58","guid":{"rendered":"https:\/\/applia.acrowd.se\/?post_type=post&#038;p=1497341"},"modified":"2024-04-10T07:28:50","modified_gmt":"2024-04-10T07:28:50","slug":"skrota-elektronikskatten-och-borja-jobba-europeiskt-istallet","status":"publish","type":"post","link":"https:\/\/www.applia-sverige.se\/en\/skrota-elektronikskatten-och-borja-jobba-europeiskt-istallet\/","title":{"rendered":"Scrap the electronics tax and start working European instead!\u00a0"},"content":{"rendered":"<p><i><span data-contrast=\"none\">Det h\u00e4r \u00e4r en argumenterande text fr\u00e5n Applias ordf\u00f6rande Kent Oderud med syfte att p\u00e5verka.<\/span><\/i><span data-ccp-props=\"{&quot;134233118&quot;:true,&quot;201341983&quot;:0,&quot;335559739&quot;:160,&quot;335559740&quot;:240}\">\u00a0<\/span><\/p>\n<hr \/>\n<p><strong>Regeringen avser att presentera en klimatpolitisk handlingsplan i slutet av \u00e5ret. En p\u00e5g\u00e5ende utredning under John Hassler ska vara underlag till planen och den utredningen ska presenteras i mitten av oktober i \u00e5r. Handlingsplanen ska sedan presenteras varje \u00e5r, s\u00e5 min gissning \u00e4r att den kommer att presenteras av klimat- och milj\u00f6minister Romina Pourmokhtari n\u00e5gon g\u00e5ng i slutet av detta \u00e5r.\u00a0\u00a0<\/strong><\/p>\n<p><span data-contrast=\"none\">Ett ofta f\u00f6rbisett omr\u00e5de inom klimatpolitiken \u00e4r lagarna som ber\u00f6r farliga kemikalier som riskerar att orsaka skada f\u00f6r milj\u00f6, klimat och m\u00e4nniskor. Detta h\u00f6r givetvis hemma i en milj\u00f6politisk handlingsplan.\u00a0<\/span><span data-ccp-props=\"{&quot;201341983&quot;:1,&quot;335559739&quot;:120,&quot;335559740&quot;:280,&quot;469777462&quot;:[1985,7371],&quot;469777927&quot;:[0,0],&quot;469777928&quot;:[1,1]}\">\u00a0<\/span><\/p>\n<p><b><span data-contrast=\"none\">Ett APPLiA-PM om elektronikskatten\u00a0<\/span><\/b><span data-ccp-props=\"{&quot;201341983&quot;:1,&quot;335559739&quot;:120,&quot;335559740&quot;:280,&quot;469777462&quot;:[1985,7371],&quot;469777927&quot;:[0,0],&quot;469777928&quot;:[1,1]}\">\u00a0<\/span><\/p>\n<p><span data-contrast=\"none\">APPLiA har nu sammanst\u00e4llt ett PM d\u00e4r vi pekar p\u00e5<\/span><span data-contrast=\"auto\"> de v\u00e4l dokumenterade brister elektronikskatten, \u00e4ven kallad kemikalieskatten, har som styrmedel f\u00f6r milj\u00f6- och klimat. Det \u00e4r ett viktigt inspel till regeringens arbete med den klimatpolitiska handlingsplanen. Detta PM inneh\u00e5ller ocks\u00e5 rubriker s\u00e5som \u201dAlternativ till nationell kemikalieskatt\u201d och \u201dHur kan regeringen f\u00f6rb\u00e4ttra klimatarbetet g\u00e4llande kemikalier\u201d \u2013 med handfasta tips om hur regeringen kan avskaffa elektronikskatten\/kemikalieskatten till f\u00f6rm\u00e5n f\u00f6r regleringar som faktiskt minskar f\u00f6rekomsten av milj\u00f6- och h\u00e4lsofarliga kemikalier i hush\u00e5llen.\u00a0\u00a0<\/span><span data-ccp-props=\"{&quot;201341983&quot;:1,&quot;335559739&quot;:120,&quot;335559740&quot;:280,&quot;469777462&quot;:[1985,7371],&quot;469777927&quot;:[0,0],&quot;469777928&quot;:[1,1]}\">\u00a0<\/span><\/p>\n<p><b><span data-contrast=\"none\">Plastp\u00e5seskatten men inte elektronikskatten\u00a0\u00a0<\/span><\/b><span data-ccp-props=\"{&quot;201341983&quot;:0,&quot;335559739&quot;:160,&quot;335559740&quot;:259}\">\u00a0<\/span><\/p>\n<p><span data-contrast=\"none\">Regeringen aviserade nu i h\u00f6stbudgeten att plastp\u00e5seskatten skall avskaffas fr\u00e5n november n\u00e4sta \u00e5r. Plastp\u00e5seskatten \u00e4r en skatt som fungerat enligt sin m\u00e5ls\u00e4ttning: vi svenskar har kraftigt minskat bruket av nya plastkassar och ligger nu med en f\u00f6rbrukning av ca 17 p\u00e5sar per person och \u00e5r l\u00e5ngt under EU:s riktv\u00e4rde p\u00e5 40 plastkassar per \u00e5r. Denna effektiva skatt avskaffas. Men elektronikskatten, som utredning efter utredning d\u00f6mt ut som verkningsl\u00f6s, den f\u00e5r vara kvar. Dessutom har skatteuttaget \u00f6kat med ytterligare en miljard fr\u00e5n den 1 juli i \u00e5r, n\u00e4r avdragsm\u00f6jligheterna f\u00f6r reaktivt tillsatta flamskyddsmedel, som bed\u00f6mts milj\u00f6m\u00e4ssigt b\u00e4ttre, togs bort f\u00f6r att f\u00f6renkla f\u00f6r Skatte- och Tullverk!\u00a0\u00a0\u00a0\u00a0\u00a0<\/span><span data-ccp-props=\"{&quot;201341983&quot;:0,&quot;335559739&quot;:160,&quot;335559740&quot;:259}\">\u00a0<\/span><\/p>\n<p><b><span data-contrast=\"none\">En bra handlingsplan lyfter blicken<\/span><\/b><span data-ccp-props=\"{&quot;201341983&quot;:0,&quot;335559739&quot;:160,&quot;335559740&quot;:259}\">\u00a0<\/span><\/p>\n<p><span data-contrast=\"auto\">Regeringens kommande klimatpolitiska handlingsplan \u00f6ppnar nu en m\u00f6jlighet att st\u00e4rka det internationella arbetet Sverige borde g\u00f6ra f\u00f6r att minska f\u00f6rekomsten av farliga kemikalier och samtidigt minska de negativa konsekvenser som elektronikskatten orsakar. Avskaffa elektronikskatten och b\u00f6rja nu jobba h\u00e5rt europeisk ist\u00e4llet!<\/span><span data-ccp-props=\"{&quot;201341983&quot;:0,&quot;335559739&quot;:160,&quot;335559740&quot;:259}\">\u00a0<\/span><\/p>\n<p><b><span data-contrast=\"none\">Sprid detta PM<\/span><\/b><span data-ccp-props=\"{&quot;201341983&quot;:0,&quot;335559739&quot;:160,&quot;335559740&quot;:259}\">\u00a0<\/span><\/p>\n<p><span data-contrast=\"auto\">APPLiA sprider budskapet om att ers\u00e4tta elektronikskatten och detta PM till alla v\u00e5ra politiska- och p\u00e5verkande kontakter. L\u00e4s nu v\u00e5rt <a href=\"https:\/\/www.applia-sverige.se\/wp-content\/uploads\/2023\/09\/230905-PM-elektronikskatt-REACH.pdf\">konstruktiva PM<\/a> du ocks\u00e5 och sprid det till dina egna politiska kontakter. <a href=\"https:\/\/www.applia-sverige.se\/wp-content\/uploads\/2023\/09\/230905-PM-elektronikskatt-REACH.pdf\">Klicka h\u00e4r.<\/a><\/span><span data-ccp-props=\"{&quot;201341983&quot;:0,&quot;335559739&quot;:160,&quot;335559740&quot;:259}\">\u00a0<\/span><span data-ccp-props=\"{&quot;201341983&quot;:0,&quot;335559739&quot;:160,&quot;335559740&quot;:259}\">\u00a0<\/span><\/p>\n<p><strong>Kent Oderud, ordf\u00f6rande APPLiA Sverige<\/strong><\/p>\n","protected":false},"excerpt":{"rendered":"<p>Det h\u00e4r \u00e4r en argumenterande text fr\u00e5n Applias ordf\u00f6rande Kent Oderud med syfte att p\u00e5verka.\u00a0 Regeringen avser att presentera en klimatpolitisk handlingsplan i slutet av \u00e5ret. En p\u00e5g\u00e5ende utredning under John Hassler ska vara underlag till planen och den utredningen ska presenteras i mitten av oktober i \u00e5r. Handlingsplanen ska sedan presenteras varje \u00e5r, s\u00e5 [&hellip;]<\/p>\n","protected":false},"author":1,"featured_media":1443064,"comment_status":"closed","ping_status":"closed","sticky":false,"template":"","format":"standard","meta":{"footnotes":""},"categories":[9],"tags":[],"class_list":["post-1497341","post","type-post","status-publish","format-standard","has-post-thumbnail","hentry","category-elektronikskatten"],"acf":[],"_links":{"self":[{"href":"https:\/\/www.applia-sverige.se\/en\/wp-json\/wp\/v2\/posts\/1497341","targetHints":{"allow":["GET"]}}],"collection":[{"href":"https:\/\/www.applia-sverige.se\/en\/wp-json\/wp\/v2\/posts"}],"about":[{"href":"https:\/\/www.applia-sverige.se\/en\/wp-json\/wp\/v2\/types\/post"}],"author":[{"embeddable":true,"href":"https:\/\/www.applia-sverige.se\/en\/wp-json\/wp\/v2\/users\/1"}],"replies":[{"embeddable":true,"href":"https:\/\/www.applia-sverige.se\/en\/wp-json\/wp\/v2\/comments?post=1497341"}],"version-history":[{"count":1,"href":"https:\/\/www.applia-sverige.se\/en\/wp-json\/wp\/v2\/posts\/1497341\/revisions"}],"predecessor-version":[{"id":1541067,"href":"https:\/\/www.applia-sverige.se\/en\/wp-json\/wp\/v2\/posts\/1497341\/revisions\/1541067"}],"wp:featuredmedia":[{"embeddable":true,"href":"https:\/\/www.applia-sverige.se\/en\/wp-json\/wp\/v2\/media\/1443064"}],"wp:attachment":[{"href":"https:\/\/www.applia-sverige.se\/en\/wp-json\/wp\/v2\/media?parent=1497341"}],"wp:term":[{"taxonomy":"category","embeddable":true,"href":"https:\/\/www.applia-sverige.se\/en\/wp-json\/wp\/v2\/categories?post=1497341"},{"taxonomy":"post_tag","embeddable":true,"href":"https:\/\/www.applia-sverige.se\/en\/wp-json\/wp\/v2\/tags?post=1497341"}],"curies":[{"name":"wp","href":"https:\/\/api.w.org\/{rel}","templated":true}]}}