{"id":1505484,"date":"2023-10-25T11:53:41","date_gmt":"2023-10-25T09:53:41","guid":{"rendered":"https:\/\/applia.acrowd.se\/?post_type=post&#038;p=1505484"},"modified":"2024-04-10T07:28:36","modified_gmt":"2024-04-10T07:28:36","slug":"bevisen-samlas-regeringen-lurade-riksdagen","status":"publish","type":"post","link":"https:\/\/www.applia-sverige.se\/en\/bevisen-samlas-regeringen-lurade-riksdagen\/","title":{"rendered":"The evidence is accumulating \u2013 the government deceived the Riksdag\u00a0"},"content":{"rendered":"<p><strong>On July 1st of this year, the deduction option was removed for the part of the electronics tax that concerned reactively added flame retardants. Reactively added flame retardants are considered the better environmental alternative for adding to electronics to protect against fire. The additively added agents, on the other hand, had no possibility of deduction.\u00a0\u00a0<\/strong><\/p>\n<p><span data-contrast=\"auto\">The change, which was presented by the Ministry of Finance as a simplification, would <\/span><span data-contrast=\"auto\">does not mean that tax collection increased, according to <\/span><span data-contrast=\"auto\">the Minister of Finance in the bill. From the start, the proposal was heavily criticized by the industry. The officials at the Government Offices and the Ministry of Finance who investigated the issue ahead of the autumn budget were completely incomprehensible to our criticism. The politicians in the Tax Committee considered themselves tied down by the Ministry of Finance. The Riksdag&#039;s investigative service did not undertake to investigate the matter as they did not consider themselves competent and did not want to bring in expertise from either industry organizations or companies in the industry.\u00a0<\/span><span data-ccp-props=\"{&quot;201341983&quot;:0,&quot;335559739&quot;:160,&quot;335559740&quot;:259}\">\u00a0<\/span><\/p>\n<p><span data-contrast=\"auto\">Now it turns out, when APPLiA has obtained the latest information from the Swedish Tax Agency, that the Riksdag was seriously deceived. The Tax Committee was deceived. Consumers are being deceived.\u00a0\u00a0\u00a0<\/span><span data-ccp-props=\"{&quot;201341983&quot;:0,&quot;335559739&quot;:160,&quot;335559740&quot;:259}\">\u00a0<\/span><\/p>\n<h3><strong>Tax collection has increased by almost 50 percent\u00a0<\/strong><\/h3>\n<p><span data-contrast=\"auto\">What was not supposed to increase at all according to the government has now resulted in an increase in the tax collection for the electronics tax by almost 50 percent when it comes to white goods. The figures from the declared electronics tax in July and August now show that the tax collection for white goods has increased to 40.6 percent (equivalent to 129 million for these two months) while the market has fallen by 7.7 percent during the same time (seen as reduced gross tax in the Swedish Tax Agency&#039;s figures). Together, this means that the actual tax collection has increased by just over 48 percent during these two months, when the new rules have been in force. And on top of that, other home electronics such as TVs, computers, mobile phones, etc.\u00a0\u00a0\u00a0<\/span><span data-ccp-props=\"{&quot;201341983&quot;:0,&quot;335559739&quot;:160,&quot;335559740&quot;:259}\">\u00a0<\/span><\/p>\n<h3><a href=\"https:\/\/www.applia-sverige.se\/wp-content\/uploads\/2023\/10\/tvattpelare.png\"><img loading=\"lazy\" decoding=\"async\" class=\"aligncenter wp-image-1505485 size-full\" src=\"https:\/\/www.applia-sverige.se\/wp-content\/uploads\/2023\/10\/tvattpelare.png\" alt=\"\" width=\"606\" height=\"340\" srcset=\"https:\/\/www.applia-sverige.se\/wp-content\/uploads\/2023\/10\/tvattpelare.png 606w, https:\/\/www.applia-sverige.se\/wp-content\/uploads\/2023\/10\/tvattpelare-300x168.png 300w\" sizes=\"auto, (max-width: 606px) 100vw, 606px\" \/><\/a><\/h3>\n<h3><b><span data-contrast=\"none\">Consumers have to pay\u00a0<\/span><\/b><span data-ccp-props=\"{&quot;201341983&quot;:0,&quot;335559739&quot;:160,&quot;335559740&quot;:259}\">\u00a0<\/span><\/h3>\n<p><span data-contrast=\"auto\">Since in principle no tax deductions can be made for washing machines, dryers, etc., there is a great risk that consumers who are now looking for new, energy-efficient appliances will have to dig deeper into their wallets or forgo energy efficiency improvements for cost reasons.\u00a0<\/span><span data-ccp-props=\"{&quot;201341983&quot;:0,&quot;335559739&quot;:160,&quot;335559740&quot;:259}\">\u00a0<\/span><\/p>\n<p><span data-contrast=\"auto\">In the example above, it is clear that a laundry column containing a washing machine and dryer is charged with over SEK 1,200 on top of the price because the electronics tax is also subject to VAT. This makes the product significantly more expensive without achieving any environmental effect.\u00a0<\/span><span data-ccp-props=\"{&quot;201341983&quot;:0,&quot;335559739&quot;:160,&quot;335559740&quot;:259}\">\u00a0<\/span><\/p>\n<p><span data-contrast=\"auto\">The Swedish electronics tax affects inflation more than it affects the environment. It is time for our politicians to finally fulfill their promises to abolish the Swedish electronics tax and instead work for stronger regulation of flame retardants within the EU. It is not enough to fool both the Riksdag, the Riksdag Tax Committee or Sweden&#039;s consumers anymore!\u00a0\u00a0\u00a0<\/span><span data-ccp-props=\"{&quot;201341983&quot;:0,&quot;335559739&quot;:160,&quot;335559740&quot;:259}\">\u00a0<\/span><\/p>\n<p><span data-contrast=\"auto\">By clicking <\/span><a href=\"https:\/\/www.applia-sverige.se\/wp-content\/uploads\/2023\/10\/231025-kalkylsammandrag-elektronikskatt-jul-aug-2023-1.pdf\" target=\"_blank\" rel=\"noopener\"><span data-contrast=\"none\">here <\/span><\/a><span data-contrast=\"auto\">You will have access to APPLiA&#039;s entire compilation and calculation of the Swedish Tax Agency&#039;s raw data.\u00a0\u00a0\u00a0<\/span><span data-ccp-props=\"{&quot;201341983&quot;:0,&quot;335559739&quot;:160,&quot;335559740&quot;:259}\">\u00a0<\/span><\/p>","protected":false},"excerpt":{"rendered":"<p>Den 1 juli i \u00e5r s\u00e5 togs avdragsm\u00f6jligenheten bort f\u00f6r den del av elektronikskatten som avs\u00e5g reaktivt tillsatta flamskyddsmedel. Reaktivt tillsatta flamskyddsmedel bed\u00f6ms som det b\u00e4ttre milj\u00f6m\u00e4ssiga alternativet f\u00f6r tills\u00e4ttning i elektronik som skydd mot brand. De additivt tillsatta medlen hade d\u00e4remot ingen m\u00f6jlighet till avdrag.\u00a0\u00a0 \u00c4ndringen, som av Finansdepartementet presenterades som en f\u00f6renkling, skulle [&hellip;]<\/p>\n","protected":false},"author":1,"featured_media":1464506,"comment_status":"closed","ping_status":"closed","sticky":false,"template":"","format":"standard","meta":{"footnotes":""},"categories":[9],"tags":[],"class_list":["post-1505484","post","type-post","status-publish","format-standard","has-post-thumbnail","hentry","category-elektronikskatten"],"acf":[],"_links":{"self":[{"href":"https:\/\/www.applia-sverige.se\/en\/wp-json\/wp\/v2\/posts\/1505484","targetHints":{"allow":["GET"]}}],"collection":[{"href":"https:\/\/www.applia-sverige.se\/en\/wp-json\/wp\/v2\/posts"}],"about":[{"href":"https:\/\/www.applia-sverige.se\/en\/wp-json\/wp\/v2\/types\/post"}],"author":[{"embeddable":true,"href":"https:\/\/www.applia-sverige.se\/en\/wp-json\/wp\/v2\/users\/1"}],"replies":[{"embeddable":true,"href":"https:\/\/www.applia-sverige.se\/en\/wp-json\/wp\/v2\/comments?post=1505484"}],"version-history":[{"count":1,"href":"https:\/\/www.applia-sverige.se\/en\/wp-json\/wp\/v2\/posts\/1505484\/revisions"}],"predecessor-version":[{"id":1541066,"href":"https:\/\/www.applia-sverige.se\/en\/wp-json\/wp\/v2\/posts\/1505484\/revisions\/1541066"}],"wp:featuredmedia":[{"embeddable":true,"href":"https:\/\/www.applia-sverige.se\/en\/wp-json\/wp\/v2\/media\/1464506"}],"wp:attachment":[{"href":"https:\/\/www.applia-sverige.se\/en\/wp-json\/wp\/v2\/media?parent=1505484"}],"wp:term":[{"taxonomy":"category","embeddable":true,"href":"https:\/\/www.applia-sverige.se\/en\/wp-json\/wp\/v2\/categories?post=1505484"},{"taxonomy":"post_tag","embeddable":true,"href":"https:\/\/www.applia-sverige.se\/en\/wp-json\/wp\/v2\/tags?post=1505484"}],"curies":[{"name":"wp","href":"https:\/\/api.w.org\/{rel}","templated":true}]}}