{"id":1512225,"date":"2023-11-22T09:12:47","date_gmt":"2023-11-22T08:12:47","guid":{"rendered":"https:\/\/www.applia-sverige.se\/?p=1512225"},"modified":"2023-11-22T09:12:47","modified_gmt":"2023-11-22T08:12:47","slug":"rapport-applias-hostmote","status":"publish","type":"post","link":"https:\/\/www.applia-sverige.se\/en\/rapport-applias-hostmote\/","title":{"rendered":"Report APPLiA&#039;s autumn meeting\u00a0"},"content":{"rendered":"<p><span data-contrast=\"none\">November 9th was an important day for APPLiA, as we proudly held a successful autumn meeting. The morning kicked off with a dynamic and well-received training in public procurement, which gave participants valuable insights and tools to succeed in the market.<\/span><span data-ccp-props=\"{&quot;201341983&quot;:0,&quot;335559739&quot;:160,&quot;335559740&quot;:259}\">\u00a0<\/span><\/p>\n<p>Participants were then treated to an insightful presentation by GfK, where we delved into the latest market statistics and discussed future market trends. The company&#039;s economist Bengt Lindqvist then took the stage with a detailed overview of the economic landscape, including interest rates, inflation and what the future holds for our industry.<\/p>\n<h4><b><span data-contrast=\"none\">New Members and Important Changes<\/span><\/b><\/h4>\n<p><span data-contrast=\"none\">Our formal meeting was filled with important moments, including a bylaw amendment to welcome new members from the commercial laundry and dishwashing sector, marking a new era for APPLiA. We were also pleased to welcome LG, our latest addition to the APPLiA family.<\/span><span data-ccp-props=\"{&quot;201341983&quot;:0,&quot;335559739&quot;:160,&quot;335559740&quot;:259}\">\u00a0<\/span><\/p>\n<p><span data-contrast=\"none\">The discussion around our new statistical system APPSTAT and the active role APPLiA plays in the debate on the electronics tax were particularly rewarding. These initiatives reflect our commitment to innovation and impact in the industry.<\/span><span data-ccp-props=\"{&quot;201341983&quot;:0,&quot;335559739&quot;:160,&quot;335559740&quot;:259}\">\u00a0<\/span><\/p>\n<h4><b><span data-contrast=\"auto\">New EU proposal PPWR discussed in Brussels<\/span><\/b><span data-ccp-props=\"{&quot;201341983&quot;:0,&quot;335559739&quot;:160,&quot;335559740&quot;:259}\">\u00a0<\/span><\/h4>\n<p>A new proposal on packaging and packaging recycling\/reuse (PPRW -Proposal Packaging and Packaging Waste)<span data-contrast=\"auto\">\u00a0is currently being discussed in Brussels. APPLiA is fundamentally positive about changes that can create improvements in society and can reduce our environmental impact. But at the same time, we are actively pursuing an agenda that not only improves our environmental impact but also ensures the efficiency and safety of product transport. <\/span><span data-ccp-props=\"{&quot;201341983&quot;:0,&quot;335559739&quot;:160,&quot;335559740&quot;:259}\">\u00a0<\/span><\/p>\n<p><span data-contrast=\"auto\">The current proposal proposes standardized packaging even though products available for sale are not the same size. This in itself means that most APPLiA products will be transported unpackaged, which is of course not the best way to transport, as is clearly evident from <a href=\"https:\/\/eur02.safelinks.protection.outlook.com\/?url=https%3A%2F%2Fwww.linkedin.com%2Fposts%2Fapplia-europe_this-is-what-a-brand-new-appliance-goes-activity-7122939963205111808-e3j4%3Futm_source%3Dshare%26utm_medium%3Dmember_ios&amp;data=05%7C01%7Cellenor.osterberg%40tebab.com%7Ca119c807d5e34807a34f08dbd6013a9e%7C1d019c94da7b49c2bf935ee1bb4b6882%7C0%7C0%7C638339072988815200%7CUnknown%7CTWFpbGZsb3d8eyJWIjoiMC4wLjAwMDAiLCJQIjoiV2luMzIiLCJBTiI6Ik1haWwiLCJXVCI6Mn0%3D%7C3000%7C%7C%7C&amp;sdata=ffikFmootSAHqy3Qzwi362EW0Hud1mi9RFpOl3BZILE%3D&amp;reserved=0\">this picture and movie<\/a>. APPLiA EU is driving the issue at the European level to bring about a change that is both good for the environment and also secures products during transport. With our focus on both the environment and quality, APPLiA strives to secure a change that benefits everyone.<\/span><span data-ccp-props=\"{&quot;201341983&quot;:0,&quot;335559739&quot;:160,&quot;335559740&quot;:259}\">\u00a0<\/span><\/p>","protected":false},"excerpt":{"rendered":"<p>Den 9 november var en viktig dag f\u00f6r APPLiA, d\u00e5 vi med stolthet genomf\u00f6rde ett framg\u00e5ngsrikt h\u00f6stm\u00f6te. Morgonen kickstartades med en dynamisk och uppskattad utbildning i offentlig upphandling, vilket gav deltagarna v\u00e4rdefulla insikter och verktyg f\u00f6r att lyckas p\u00e5 marknaden.\u00a0 D\u00e4refter bj\u00f6ds deltagarna p\u00e5 en insiktsfull presentation av GfK, d\u00e4r vi djupdykte i den senaste [&hellip;]<\/p>\n","protected":false},"author":1,"featured_media":1456691,"comment_status":"open","ping_status":"open","sticky":false,"template":"","format":"standard","meta":{"footnotes":""},"categories":[10],"tags":[],"class_list":["post-1512225","post","type-post","status-publish","format-standard","has-post-thumbnail","hentry","category-foreningsnyheter"],"acf":[],"_links":{"self":[{"href":"https:\/\/www.applia-sverige.se\/en\/wp-json\/wp\/v2\/posts\/1512225","targetHints":{"allow":["GET"]}}],"collection":[{"href":"https:\/\/www.applia-sverige.se\/en\/wp-json\/wp\/v2\/posts"}],"about":[{"href":"https:\/\/www.applia-sverige.se\/en\/wp-json\/wp\/v2\/types\/post"}],"author":[{"embeddable":true,"href":"https:\/\/www.applia-sverige.se\/en\/wp-json\/wp\/v2\/users\/1"}],"replies":[{"embeddable":true,"href":"https:\/\/www.applia-sverige.se\/en\/wp-json\/wp\/v2\/comments?post=1512225"}],"version-history":[{"count":0,"href":"https:\/\/www.applia-sverige.se\/en\/wp-json\/wp\/v2\/posts\/1512225\/revisions"}],"wp:featuredmedia":[{"embeddable":true,"href":"https:\/\/www.applia-sverige.se\/en\/wp-json\/wp\/v2\/media\/1456691"}],"wp:attachment":[{"href":"https:\/\/www.applia-sverige.se\/en\/wp-json\/wp\/v2\/media?parent=1512225"}],"wp:term":[{"taxonomy":"category","embeddable":true,"href":"https:\/\/www.applia-sverige.se\/en\/wp-json\/wp\/v2\/categories?post=1512225"},{"taxonomy":"post_tag","embeddable":true,"href":"https:\/\/www.applia-sverige.se\/en\/wp-json\/wp\/v2\/tags?post=1512225"}],"curies":[{"name":"wp","href":"https:\/\/api.w.org\/{rel}","templated":true}]}}