{"id":1527179,"date":"2024-01-25T13:11:22","date_gmt":"2024-01-25T12:11:22","guid":{"rendered":"https:\/\/applia.acrowd.se\/?post_type=post&#038;p=1527179"},"modified":"2024-04-10T07:26:41","modified_gmt":"2024-04-10T07:26:41","slug":"2024-ett-avgorande-ar-for-elektronikskatten","status":"publish","type":"post","link":"https:\/\/www.applia-sverige.se\/en\/2024-ett-avgorande-ar-for-elektronikskatten\/","title":{"rendered":"2024 \u2013 A crucial year for the electronics tax"},"content":{"rendered":"<p style=\"font-weight: 400\"><strong>In the wake of growing criticism of the electronics tax, which has increased in scope and impact since 2017, 2024 is predicted to be a potentially decisive year for its eventual survival. With increased political attention and a strong voice from the Moderate Party, the new year could mean a turning point for consumers and Swedish retailers in the fight against a tax that has been criticized for its inefficiency and negative effects on the Swedish market. Read APPLiA Chairman Kent Oderud&#039;s thoughts on the possibilities of abolishing the tax this year. \u00a0<\/strong><\/p>\n<p><i><span data-contrast=\"none\">This is an argumentative text from Applia&#039;s chairman Kent Oderud with the aim of influencing.<\/span><\/i><span data-ccp-props=\"{&quot;134233118&quot;:true,&quot;201341983&quot;:0,&quot;335559739&quot;:160,&quot;335559740&quot;:240}\">\u00a0<\/span><\/p>\n<hr \/>\n<p>&nbsp;<\/p>\n<p style=\"font-weight: 400\">Surely the field is free for promises and wishes like this at the beginning of a new year? Things we want to happen or wishes that we want to come true. I myself have wished for the same thing since 2017. That&#039;s when the electronics tax was introduced in Sweden. It&#039;s easy to wish it away as it&#039;s pure &quot;greenwashing&quot; and doesn&#039;t meet the goal of reducing the levels of harmful substances in the flame retardants of electronics. The fact that it then makes both white goods and home electronics much more expensive for consumers in Sweden also means that many consumers discover new, cheaper purchasing channels abroad. Jobs are being lost in Sweden!<\/p>\n<p style=\"font-weight: 400\">2023 \u2013 The year when the electronics tax became more than 60 percent higher. Does that sound possible? Yes, read here what affected consumers last year, who were interested in upgrading their kitchens and laundry rooms with more energy-efficient appliances:<\/p>\n<ol>\n<li>Index increase in electronics tax 1.1.2023 (+8%)<\/li>\n<li>The abolition of the right to deduct for reactively added flame retardants (+48%)<\/li>\n<li>The index increase was presented for 1.1.2024 (+9.1%).<\/li>\n<\/ol>\n<p style=\"font-weight: 400\">By 2024, the electronics tax has now become such a large proportion of the product&#039;s price that the affected products have become more expensive at Swedish retailers to such an extent that consumers are looking for alternative purchasing options in foreign e-commerce instead.<\/p>\n<p style=\"font-weight: 400\">Will 2024 be the year when we finally see an end to this political \u201dgreenwashing\u201d? A glimmer of hope was ignited when the governing Moderate party, at its large party meeting in November, voted through a weighty motion from its party district in V\u00e4stra G\u00f6taland, demanding that the electronics tax be abolished as soon as possible. The party\u2019s meeting is its highest decision-making body, and the wording of the meeting resolution \u201dThe Moderates work to abolish the electronics tax immediately\u201d is crystal clear.<\/p>\n<p>Listen to our interview with Moderate MP Sten Bergheden about how the party is now reasoning about the abolition of the electronics tax below.<\/p>\n<div id=\"attachment_1527190\" style=\"width: 710px\" class=\"wp-caption alignnone\"><a href=\"https:\/\/www.applia-sverige.se\/wp-content\/uploads\/2024\/01\/PauesAberg_Sten_WP_1.mov\" target=\"_blank\" rel=\"noopener\"><img loading=\"lazy\" decoding=\"async\" aria-describedby=\"caption-attachment-1527190\" class=\"wp-image-1527190 size-large\" src=\"https:\/\/www.applia-sverige.se\/wp-content\/uploads\/2024\/01\/Skarmavbild-2024-01-25-kl.-13.09.01-1024x576.png\" alt=\"Sten Bergheden (M)\" width=\"700\" height=\"394\" srcset=\"https:\/\/www.applia-sverige.se\/wp-content\/uploads\/2024\/01\/Skarmavbild-2024-01-25-kl.-13.09.01-1024x576.png 1024w, https:\/\/www.applia-sverige.se\/wp-content\/uploads\/2024\/01\/Skarmavbild-2024-01-25-kl.-13.09.01-300x169.png 300w, https:\/\/www.applia-sverige.se\/wp-content\/uploads\/2024\/01\/Skarmavbild-2024-01-25-kl.-13.09.01-768x432.png 768w, https:\/\/www.applia-sverige.se\/wp-content\/uploads\/2024\/01\/Skarmavbild-2024-01-25-kl.-13.09.01-1536x864.png 1536w, https:\/\/www.applia-sverige.se\/wp-content\/uploads\/2024\/01\/Skarmavbild-2024-01-25-kl.-13.09.01-2048x1152.png 2048w, https:\/\/www.applia-sverige.se\/wp-content\/uploads\/2024\/01\/Skarmavbild-2024-01-25-kl.-13.09.01-1920x1080.png 1920w\" sizes=\"auto, (max-width: 700px) 100vw, 700px\" \/><\/a><p id=\"caption-attachment-1527190\" class=\"wp-caption-text\">Sten Bergheden (M)<\/p><\/div>\n<p style=\"font-weight: 400\">With the Moderates&#039; clear stance, there is now a nascent majority for the final abolition of the electronics tax. 2024 could thus be the year when the industry&#039;s, authorities&#039;, investigators&#039; and consumers&#039; insistent criticism of this non-functioning tax finally surface for a possible decision in parliament.<\/p>\n<p style=\"font-weight: 400\">I am already looking forward to the year 2025 when Swedish consumers will be able to buy energy-efficient white goods without a 670 SEK tax surcharge per product. In that case, Swedish jobs may have been saved as our retailers&#039; competitiveness increases. Our politicians can then start working on more effective tools to substitute harmful flame retardants throughout Europe instead \u2013 not only in home electronics but also in clothing\/textiles, building materials, floors, vehicles \u2013 through stricter EU directives valid for the entire large European market. This gives the global production of electronics the right incentive to change. Not a non-functioning Swedish excise tax.<\/p>\n<p style=\"font-weight: 400\">Text: Kent Oderud, chairman of APPLiA<\/p>","protected":false},"excerpt":{"rendered":"<p>I sp\u00e5ren av v\u00e4xande kritik mot elektronikskatten, vilken \u00f6kat i omfattning och p\u00e5verkan sedan 2017, sp\u00e5s 2024 bli ett potentiellt avg\u00f6rande \u00e5r f\u00f6r eventuella fortlevnad. Med \u00f6kad politisk uppm\u00e4rksamhet och en stark r\u00f6st fr\u00e5n Moderaterna, kan det nya \u00e5ret inneb\u00e4ra en v\u00e4ndpunkt f\u00f6r konsumenter och svenska \u00e5terf\u00f6rs\u00e4ljare i kampen mot en skatt som kritiserats f\u00f6r [&hellip;]<\/p>\n","protected":false},"author":1,"featured_media":1443064,"comment_status":"closed","ping_status":"closed","sticky":false,"template":"","format":"standard","meta":{"footnotes":""},"categories":[9],"tags":[],"class_list":["post-1527179","post","type-post","status-publish","format-standard","has-post-thumbnail","hentry","category-elektronikskatten"],"acf":[],"_links":{"self":[{"href":"https:\/\/www.applia-sverige.se\/en\/wp-json\/wp\/v2\/posts\/1527179","targetHints":{"allow":["GET"]}}],"collection":[{"href":"https:\/\/www.applia-sverige.se\/en\/wp-json\/wp\/v2\/posts"}],"about":[{"href":"https:\/\/www.applia-sverige.se\/en\/wp-json\/wp\/v2\/types\/post"}],"author":[{"embeddable":true,"href":"https:\/\/www.applia-sverige.se\/en\/wp-json\/wp\/v2\/users\/1"}],"replies":[{"embeddable":true,"href":"https:\/\/www.applia-sverige.se\/en\/wp-json\/wp\/v2\/comments?post=1527179"}],"version-history":[{"count":1,"href":"https:\/\/www.applia-sverige.se\/en\/wp-json\/wp\/v2\/posts\/1527179\/revisions"}],"predecessor-version":[{"id":1541058,"href":"https:\/\/www.applia-sverige.se\/en\/wp-json\/wp\/v2\/posts\/1527179\/revisions\/1541058"}],"wp:featuredmedia":[{"embeddable":true,"href":"https:\/\/www.applia-sverige.se\/en\/wp-json\/wp\/v2\/media\/1443064"}],"wp:attachment":[{"href":"https:\/\/www.applia-sverige.se\/en\/wp-json\/wp\/v2\/media?parent=1527179"}],"wp:term":[{"taxonomy":"category","embeddable":true,"href":"https:\/\/www.applia-sverige.se\/en\/wp-json\/wp\/v2\/categories?post=1527179"},{"taxonomy":"post_tag","embeddable":true,"href":"https:\/\/www.applia-sverige.se\/en\/wp-json\/wp\/v2\/tags?post=1527179"}],"curies":[{"name":"wp","href":"https:\/\/api.w.org\/{rel}","templated":true}]}}