{"id":1530061,"date":"2024-02-07T12:21:34","date_gmt":"2024-02-07T11:21:34","guid":{"rendered":"https:\/\/applia.acrowd.se\/?post_type=post&#038;p=1530061"},"modified":"2024-04-10T07:26:07","modified_gmt":"2024-04-10T07:26:07","slug":"en-svag-avslutning-pa-2023","status":"publish","type":"post","link":"https:\/\/www.applia-sverige.se\/en\/en-svag-avslutning-pa-2023\/","title":{"rendered":"A weak end to 2023"},"content":{"rendered":"<p style=\"font-weight: 400\"><strong>December of this year ended weakly for the industry as a whole, but with a cumulative decrease of 6.5 percent compared to the previous year, the figures for &quot;sell-in&quot; still ended slightly better than our annual forecast.\u00a0\u00a0\u00a0 <\/strong><\/p>\n<p style=\"font-weight: 400\">December is traditionally one of the weaker months of the year \u2013 partly because sales to retailers for Christmas are already made in November, and partly because the month has many holidays with time off among our industry companies. Against this background and generally cool demand, the value result for the month was a loss of just over 15 percent compared to December last year.<\/p>\n<h3><img loading=\"lazy\" decoding=\"async\" class=\"alignnone size-full wp-image-1530065\" src=\"https:\/\/www.applia-sverige.se\/wp-content\/uploads\/2024\/02\/Applia_feb_1.png\" alt=\"\" width=\"606\" height=\"340\" srcset=\"https:\/\/www.applia-sverige.se\/wp-content\/uploads\/2024\/02\/Applia_feb_1.png 606w, https:\/\/www.applia-sverige.se\/wp-content\/uploads\/2024\/02\/Applia_feb_1-300x168.png 300w\" sizes=\"auto, (max-width: 606px) 100vw, 606px\" \/><\/h3>\n<h3 style=\"font-weight: 400\"><strong>Household appliances lost the most in December<\/strong><\/h3>\n<p style=\"font-weight: 400\">Compared to December 2022, the small household appliances (SDA) product segment lost the most, at minus just over 22 percent. This also applies to major appliances (MDA) to some extent, although its decline was limited to just over minus 12 percent in the month.<\/p>\n<p style=\"font-weight: 400\">Over the full year, MDA had a fairly strong first half of the year, while the rest of the year fluctuated significantly. The full year ended with a 5.6 percent decline in value.<img loading=\"lazy\" decoding=\"async\" class=\"wp-image-1530064 alignnone\" src=\"https:\/\/www.applia-sverige.se\/wp-content\/uploads\/2024\/02\/Applia_feb_2.png\" alt=\"\" width=\"553\" height=\"310\" srcset=\"https:\/\/www.applia-sverige.se\/wp-content\/uploads\/2024\/02\/Applia_feb_2.png 606w, https:\/\/www.applia-sverige.se\/wp-content\/uploads\/2024\/02\/Applia_feb_2-300x168.png 300w\" sizes=\"auto, (max-width: 553px) 100vw, 553px\" \/><\/p>\n<p style=\"font-weight: 400\">For smaller household appliances, the corresponding annual figure is a decline of 9.8 percent after having a very difficult start to the year and a weak end in December.\u00a0 <strong>\u00a0<\/strong><\/p>\n<h3 style=\"font-weight: 400\"><strong>Decline for all MDA product segments<\/strong><\/h3>\n<p style=\"font-weight: 400\">When it comes to the volume development of the industry&#039;s white goods in 2023, we can see that we are consistently showing red numbers. The number of units sold is decreasing during the year, both in terms of deliveries to retailers and due to the shrinking housing production in Sweden. \u00a0 <img loading=\"lazy\" decoding=\"async\" class=\"wp-image-1530063 alignright\" src=\"https:\/\/www.applia-sverige.se\/wp-content\/uploads\/2024\/02\/Applia_feb_3.png\" alt=\"\" width=\"462\" height=\"259\" srcset=\"https:\/\/www.applia-sverige.se\/wp-content\/uploads\/2024\/02\/Applia_feb_3.png 606w, https:\/\/www.applia-sverige.se\/wp-content\/uploads\/2024\/02\/Applia_feb_3-300x168.png 300w\" sizes=\"auto, (max-width: 462px) 100vw, 462px\" \/><\/p>\n<p style=\"font-weight: 400\">As a curiosity, we can mention a small exception to this declining trend. The combined washer\/dryer machines, which belong to the \u201dwash &amp; dry\u201d segment, are the only category within MDA that can show a positive volume development during the year with 45,000 units sold, which is 8 percent better than in 2022.<\/p>\n<h3 style=\"font-weight: 400\"><strong>Softer volume decline for SDA <\/strong><\/h3>\n<p style=\"font-weight: 400\">For smaller household appliances, the volume development in 2023 is somewhat less striking than for larger white goods. There are even more subcategories of products with positive development in units sold. Some of these are kitchen appliances\/assistants, mixers, ironing equipment and electric hair care products. <img loading=\"lazy\" decoding=\"async\" class=\"wp-image-1530062 alignleft\" src=\"https:\/\/www.applia-sverige.se\/wp-content\/uploads\/2024\/02\/Applia_feb_4.png\" alt=\"\" width=\"503\" height=\"282\" srcset=\"https:\/\/www.applia-sverige.se\/wp-content\/uploads\/2024\/02\/Applia_feb_4.png 606w, https:\/\/www.applia-sverige.se\/wp-content\/uploads\/2024\/02\/Applia_feb_4-300x168.png 300w\" sizes=\"auto, (max-width: 503px) 100vw, 503px\" \/><\/p>\n<h3><\/h3>\n<h3><\/h3>\n<h3><\/h3>\n<h3><\/h3>\n<h3><\/h3>\n<h3><\/h3>\n<h3><\/h3>\n<h3 style=\"font-weight: 400\"><strong>What will 2024 be like?<\/strong><\/h3>\n<p style=\"font-weight: 400\">If we lean towards HUI&#039;s forecast for 2024 for white goods and home electronics, consumer sales are predicted to stabilize around minus 1 percent and then show stronger growth in 2025 of 5 percent. In addition, we should take into account decreasing white goods deliveries to the construction sector in 2024. How they then affect the outcome in 2025 depends on the Swedish interest rate situation and on how the market for newly produced housing may recover. We are following the development.<\/p>\n<p style=\"font-weight: 400\">Text: Kent Oderud, chairman of APPLiA<\/p>","protected":false},"excerpt":{"rendered":"<p>\u00c5rets december avslutade svagt f\u00f6r branschen som helhet, men med minus 6,5 procent ackumulerat mot f\u00f6reg\u00e5ende \u00e5r, landade siffrorna f\u00f6r \u201dsell-in\u201d \u00e4nd\u00e5 n\u00e5got b\u00e4ttre \u00e4n v\u00e5r \u00e5rsprognos.\u00a0\u00a0\u00a0 December \u00e4r traditionsenligt en av \u00e5rets svagare m\u00e5nad \u2013 dels p\u00e5 grund av att inf\u00f6rs\u00e4ljningen till \u00e5terf\u00f6rs\u00e4ljare inf\u00f6r julen gjorts redan i november, dels f\u00f6r att m\u00e5naden har [&hellip;]<\/p>\n","protected":false},"author":1,"featured_media":1439804,"comment_status":"closed","ping_status":"closed","sticky":false,"template":"","format":"standard","meta":{"footnotes":""},"categories":[15],"tags":[],"class_list":["post-1530061","post","type-post","status-publish","format-standard","has-post-thumbnail","hentry","category-marknadsutveckling"],"acf":[],"_links":{"self":[{"href":"https:\/\/www.applia-sverige.se\/en\/wp-json\/wp\/v2\/posts\/1530061","targetHints":{"allow":["GET"]}}],"collection":[{"href":"https:\/\/www.applia-sverige.se\/en\/wp-json\/wp\/v2\/posts"}],"about":[{"href":"https:\/\/www.applia-sverige.se\/en\/wp-json\/wp\/v2\/types\/post"}],"author":[{"embeddable":true,"href":"https:\/\/www.applia-sverige.se\/en\/wp-json\/wp\/v2\/users\/1"}],"replies":[{"embeddable":true,"href":"https:\/\/www.applia-sverige.se\/en\/wp-json\/wp\/v2\/comments?post=1530061"}],"version-history":[{"count":1,"href":"https:\/\/www.applia-sverige.se\/en\/wp-json\/wp\/v2\/posts\/1530061\/revisions"}],"predecessor-version":[{"id":1541055,"href":"https:\/\/www.applia-sverige.se\/en\/wp-json\/wp\/v2\/posts\/1530061\/revisions\/1541055"}],"wp:featuredmedia":[{"embeddable":true,"href":"https:\/\/www.applia-sverige.se\/en\/wp-json\/wp\/v2\/media\/1439804"}],"wp:attachment":[{"href":"https:\/\/www.applia-sverige.se\/en\/wp-json\/wp\/v2\/media?parent=1530061"}],"wp:term":[{"taxonomy":"category","embeddable":true,"href":"https:\/\/www.applia-sverige.se\/en\/wp-json\/wp\/v2\/categories?post=1530061"},{"taxonomy":"post_tag","embeddable":true,"href":"https:\/\/www.applia-sverige.se\/en\/wp-json\/wp\/v2\/tags?post=1530061"}],"curies":[{"name":"wp","href":"https:\/\/api.w.org\/{rel}","templated":true}]}}