{"id":1541304,"date":"2024-04-15T07:41:05","date_gmt":"2024-04-15T07:41:05","guid":{"rendered":"https:\/\/applia.acrowd.se\/?p=1541304"},"modified":"2024-04-23T08:01:51","modified_gmt":"2024-04-23T08:01:51","slug":"starka-roster-om-elektronikskatten-fran-riksdagen","status":"publish","type":"post","link":"https:\/\/www.applia-sverige.se\/en\/starka-roster-om-elektronikskatten-fran-riksdagen\/","title":{"rendered":"Strong voices on the electronics tax from the Riksdag"},"content":{"rendered":"<p><strong>In a global market, the environment should be seen as a global issue, that is the message from MP Larry S\u00f6der, Christian Democrats. The Sweden Democrats, in turn, view the tax as a greenwashed fiscal tax introduced by the previous S\/MP government. In their previous budget motions, the party has therefore chosen to abolish the electronics tax. Hear more about the Tid\u00f6 parties&#039; reasoning below.\u00a0<\/strong><\/p>\n\n\n\n<div style=\"height:39px\" aria-hidden=\"true\" class=\"wp-block-spacer\"><\/div>\n\n\n\n<figure class=\"wp-block-video\"><video height=\"360\" style=\"aspect-ratio: 640 \/ 360;\" width=\"640\" controls poster=\"https:\/\/www.applia-sverige.se\/wp-content\/uploads\/2024\/04\/Skarmavbild-2024-04-15-kl.-14.41.12.png\" src=\"https:\/\/www.applia-sverige.se\/wp-content\/uploads\/2024\/04\/PauesAberg_Larry_02.mov\"><\/video><\/figure>\n\n\n\n<blockquote class=\"wp-block-quote has-text-align-right is-layout-flow wp-block-quote-is-layout-flow\">\n<p class=\"has-text-align-center has-medium-font-size\" id=\"block-34ca882c-0a15-49a2-b5b2-6e393354c792\">\u201d&quot;\u201d<em>We are in a global market and we need to see the environment as a global issue.<\/em>.\u201d<\/p>\n<cite>Larry S\u00f6der, Christian Democrats<\/cite><\/blockquote>\n\n\n\n<div style=\"height:39px\" aria-hidden=\"true\" class=\"wp-block-spacer\"><\/div>\n\n\n\n<figure class=\"wp-block-video\"><video height=\"360\" style=\"aspect-ratio: 640 \/ 360;\" width=\"640\" controls poster=\"https:\/\/www.applia-sverige.se\/wp-content\/uploads\/2024\/04\/Skarmavbild-2024-04-15-kl.-14.39.50.png\" src=\"https:\/\/www.applia-sverige.se\/wp-content\/uploads\/2024\/04\/PauesAberg_Eric_02.mov\"><\/video><\/figure>\n\n\n\n<blockquote class=\"wp-block-quote has-text-align-right is-layout-flow wp-block-quote-is-layout-flow\">\n<p class=\"has-text-align-center has-medium-font-size\">\u201d&quot;\u201d<em>We Sweden Democrats have always been against the electronics tax.<\/em>\u201d&quot;\u201d<\/p>\n<cite>Eric Westroth, Sweden Democrats<\/cite><\/blockquote>","protected":false},"excerpt":{"rendered":"<p>P\u00e5 en global marknad ska milj\u00f6n ses som en global sak, det \u00e4r budskapet fr\u00e5n riksdagsmannen Larry S\u00f6der, Kristdemokraterna. Sverigedemokraterna betraktar i sin tur skatten som en gr\u00f6ntv\u00e4ttad fiskal skatt inf\u00f6rd av den f\u00f6rra S\/MP-regeringen. I sina tidigare budgetmotioner valt partiet d\u00e4rf\u00f6r valt att avskaffa elektronikskatten. \u00a0H\u00f6r mer om Tid\u00f6partiernas resonemang nedan.\u00a0 &#8221;Vi \u00e4r p\u00e5 [&hellip;]<\/p>\n","protected":false},"author":1,"featured_media":1541316,"comment_status":"closed","ping_status":"closed","sticky":false,"template":"","format":"standard","meta":{"footnotes":""},"categories":[9],"tags":[],"class_list":["post-1541304","post","type-post","status-publish","format-standard","has-post-thumbnail","hentry","category-elektronikskatten"],"acf":[],"_links":{"self":[{"href":"https:\/\/www.applia-sverige.se\/en\/wp-json\/wp\/v2\/posts\/1541304","targetHints":{"allow":["GET"]}}],"collection":[{"href":"https:\/\/www.applia-sverige.se\/en\/wp-json\/wp\/v2\/posts"}],"about":[{"href":"https:\/\/www.applia-sverige.se\/en\/wp-json\/wp\/v2\/types\/post"}],"author":[{"embeddable":true,"href":"https:\/\/www.applia-sverige.se\/en\/wp-json\/wp\/v2\/users\/1"}],"replies":[{"embeddable":true,"href":"https:\/\/www.applia-sverige.se\/en\/wp-json\/wp\/v2\/comments?post=1541304"}],"version-history":[{"count":8,"href":"https:\/\/www.applia-sverige.se\/en\/wp-json\/wp\/v2\/posts\/1541304\/revisions"}],"predecessor-version":[{"id":1541315,"href":"https:\/\/www.applia-sverige.se\/en\/wp-json\/wp\/v2\/posts\/1541304\/revisions\/1541315"}],"wp:featuredmedia":[{"embeddable":true,"href":"https:\/\/www.applia-sverige.se\/en\/wp-json\/wp\/v2\/media\/1541316"}],"wp:attachment":[{"href":"https:\/\/www.applia-sverige.se\/en\/wp-json\/wp\/v2\/media?parent=1541304"}],"wp:term":[{"taxonomy":"category","embeddable":true,"href":"https:\/\/www.applia-sverige.se\/en\/wp-json\/wp\/v2\/categories?post=1541304"},{"taxonomy":"post_tag","embeddable":true,"href":"https:\/\/www.applia-sverige.se\/en\/wp-json\/wp\/v2\/tags?post=1541304"}],"curies":[{"name":"wp","href":"https:\/\/api.w.org\/{rel}","templated":true}]}}