{"id":1541340,"date":"2024-04-23T08:35:34","date_gmt":"2024-04-23T08:35:34","guid":{"rendered":"https:\/\/applia.acrowd.se\/?p=1541340"},"modified":"2024-04-23T08:40:00","modified_gmt":"2024-04-23T08:40:00","slug":"elektronikskatten-politisk-verkstad-och-agerande-nu","status":"publish","type":"post","link":"https:\/\/www.applia-sverige.se\/en\/elektronikskatten-politisk-verkstad-och-agerande-nu\/","title":{"rendered":"The Chairman: Political workshop and action now\u00a0"},"content":{"rendered":"<p>Already when the electronics tax, also known as the chemicals tax, was introduced in 2017, there was widespread questioning. The state&#039;s own authorities, the Swedish Tax Agency and the Swedish Customs Administration, advised against its introduction. Extensive investigations by the Swedish Chemicals Agency and others have shown the ineffectiveness of the tax when it comes to trying to change the flame resistance of white goods and home electronics. The Swedish market has proven too small to control the global production of electronics. Swedish Trade has shown that jobs are being lost in the Swedish trade in white goods and home electronics, and several industry organizations have tried to get politicians to do something to solve this situation. But instead, over time, the tax has become even more burdensome for Swedish actors. Ultimately, it has also driven inflation and placed a burden on the national economy.<\/p>\n\n\n\n<h3 class=\"wp-block-heading\"><strong>Constant tax increases<\/strong><\/h3>\n\n\n\n<p>Since August 2017, the electronics tax rate has also been increased by no less than 70 percent. For a standard household washing machine, the tax will go from SEK 320 in 2017 to SEK 543.53 in 2024. VAT is added to this. It is SEK 543.53 that consumers outside the country do not have to pay. Swedish competitiveness is thus lost.<\/p>\n\n\n\n<h3 class=\"wp-block-heading\"><strong>Consumers pay an extra 2.6 billion&nbsp;<\/strong><\/h3>\n\n\n\n<p>APPLiA&#039;s annual report on the electronics tax in 2023 shows that the total tax collection has increased from 1.3 billion at the time of its introduction to 2.0 billion in 2023. The tax collection this year is expected to reach a record sum of 2.6 billion as a result of a sharp index increase at the turn of the year of just over 9 percent and the abolition of the right to deduct for large parts of the industry&#039;s range from July 1, 2023. Who pays the tax? Swedish consumers, of course.<\/p>\n\n\n\n<h3 class=\"wp-block-heading\"><strong>Politicians ready for abolition<\/strong><\/h3>\n\n\n\n<p>We now more often hear politicians claim that &quot;the tax should never have been introduced&quot; and there is an increased awareness of the ineffectiveness and harmfulness of the tax in the parties that are holding the reins today.<\/p>\n\n\n\n<div class=\"wp-block-columns is-layout-flex wp-container-core-columns-is-layout-9d6595d7 wp-block-columns-is-layout-flex\">\n<div class=\"wp-block-column is-layout-flow wp-block-column-is-layout-flow\">\n<p><strong>The Moderates<\/strong>\u00a0has at its latest party meeting adopted the motion from the party district in V\u00e4stra G\u00f6taland to &quot;immediately abolish the electronics tax&quot; with a large majority. Now it is up to the governing party to show concrete action ahead of this year&#039;s autumn budget. See our previously published interview with Sten Bergheden (m) in a replay on the right. <\/p>\n<\/div>\n\n\n\n<div class=\"wp-block-column is-layout-flow wp-block-column-is-layout-flow\">\n<figure class=\"wp-block-video\"><video height=\"360\" style=\"aspect-ratio: 640 \/ 360;\" width=\"640\" controls src=\"https:\/\/www.applia-sverige.se\/wp-content\/uploads\/2024\/01\/PauesAberg_Sten_WP_1-1.mov\"><\/video><\/figure>\n<\/div>\n<\/div>\n\n\n\n<div class=\"wp-block-columns is-layout-flex wp-container-core-columns-is-layout-9d6595d7 wp-block-columns-is-layout-flex\">\n<div class=\"wp-block-column is-layout-flow wp-block-column-is-layout-flow\">\n<figure class=\"wp-block-video\"><video height=\"360\" style=\"aspect-ratio: 640 \/ 360;\" width=\"640\" controls src=\"https:\/\/www.applia-sverige.se\/wp-content\/uploads\/2024\/04\/PauesAberg_Larry_02.mov\"><\/video><\/figure>\n<\/div>\n\n\n\n<div class=\"wp-block-column is-layout-flow wp-block-column-is-layout-flow\">\n<p>From\u00a0<strong>Christian Democrats<\/strong>\u00a0The criticism of the electronics tax has also been clear and is in line with the criticism that the electronics tax has received in previous evaluations of the tax. KD thus places itself among the parties that want to see the electronics tax abolished. Not least because the time for placard politics is over. Now the facts matter. See our interview with MP Larry S\u00f6der (KD) on the left<strong>.<\/strong><\/p>\n<\/div>\n<\/div>\n\n\n\n<div class=\"wp-block-columns is-layout-flex wp-container-core-columns-is-layout-9d6595d7 wp-block-columns-is-layout-flex\">\n<div class=\"wp-block-column is-layout-flow wp-block-column-is-layout-flow\">\n<p><strong>Sweden Democrats<\/strong>\u00a0sees the electronics tax as a greenwashed fiscal tax introduced by the previous S\/MP government. The tax is also ineffective and affects Swedish consumers with higher prices. In its previous budget motions, SD has chosen to abolish the electronics tax. Hear more about this from MP Eric Westroth, member of the Tax Committee\u00a0<strong>here.<\/strong><\/p>\n<\/div>\n\n\n\n<div class=\"wp-block-column is-layout-flow wp-block-column-is-layout-flow\">\n<figure class=\"wp-block-video\"><video height=\"360\" style=\"aspect-ratio: 640 \/ 360;\" width=\"640\" controls src=\"https:\/\/www.applia-sverige.se\/wp-content\/uploads\/2024\/04\/PauesAberg_Eric_02.mov\"><\/video><\/figure>\n<\/div>\n<\/div>\n\n\n\n<h3 class=\"wp-block-heading\"><strong>Time for a \u201dworkshop\u201d and concrete action<\/strong><\/h3>\n\n\n\n<p>It is now time for all good forces to gather around a demand for a decision to abolish the electronics tax in the government&#039;s autumn budget. This would free up forces that would instead focus entirely on intensified EU work to strengthen the existing European directives and regulations on the flame retardant content of electronic products. Only then will we move from Swedish greenwashing to a true European green workshop.<\/p>\n\n\n<section  class=\"tebab-block-file_list\">\n    \n            <h2>Read more<\/h2>\n    \n            <div class=\"file-list\">\n                                                            <a href=\"https:\/\/www.applia-sverige.se\/en\/dokument\/rapport-elektronikskatten-2023\/\" target=\"_self\" class=\"styled-button\">\n                    <span>Report Electronics Tax 2023<\/span>\n                    <div class=\"icon-wrapper\">\n                        <div class=\"icon-external\"><\/div>\n                    <\/div>\n                <\/a>\n                    <\/div>\n    \n<\/section>\n\n\n<hr class=\"wp-block-separator has-alpha-channel-opacity is-style-dots\"\/>\n\n\n<section  class=\"tebab-block-person_grid alignwide layout-small\">\n    <div class=\"contained\">\n        <div class=\"grid\">\n            <div class=\"person-card\">\n    \n            <div class=\"featured_image\">\n            <img loading=\"lazy\" decoding=\"async\" width=\"150\" height=\"150\" src=\"https:\/\/www.applia-sverige.se\/wp-content\/uploads\/2024\/02\/Kent-Oderud_1_1_webb-150x150.png\" class=\"attachment-thumbnail size-thumbnail\" alt=\"\" srcset=\"https:\/\/www.applia-sverige.se\/wp-content\/uploads\/2024\/02\/Kent-Oderud_1_1_webb-150x150.png 150w, https:\/\/www.applia-sverige.se\/wp-content\/uploads\/2024\/02\/Kent-Oderud_1_1_webb-300x300.png 300w, https:\/\/www.applia-sverige.se\/wp-content\/uploads\/2024\/02\/Kent-Oderud_1_1_webb.png 675w\" sizes=\"auto, (max-width: 150px) 100vw, 150px\" \/>        <\/div>\n    \n    <div class=\"content-wrapper\">\n        <div class=\"top\">\n                            <div class=\"title\">\n                    APPLiA Sweden                <\/div>\n                    <\/div>\n        \n        <h3>Kent Oderud<\/h3>\n\n                    <div class=\"excerpt\">\n                President            <\/div>\n        \n        <div class=\"links\">\n            \n                            <a href=\"mailto:kent.oderud@applia-sverige.se\">\n                    <div class=\"icon icon-envelope\"><\/div> kent.oderud@applia-sverige.se                <\/a>\n                    <\/div>\n        \n    <\/div>\n<\/div>        <\/div>\n    <\/div>\n<\/section>","protected":false},"excerpt":{"rendered":"<p>Redan vid inf\u00f6randet 2017 av elektronikskatten, \u00e4ven kallad kemikalieskatten, var ifr\u00e5gas\u00e4ttandet omfattande. Statens egna myndigheter, Skatteverket och Tullverket, avr\u00e5dde fr\u00e5n inf\u00f6randet. Omfattande utredningar Kemikalieinspektionen och andra har visat p\u00e5 skattens verkningsl\u00f6shet n\u00e4r det g\u00e4ller att f\u00f6rs\u00f6ka f\u00e5 \u00e4ndring p\u00e5 flamskyddet i vitvaror och hemelektronik. Den svenska marknaden har visat sig f\u00f6r liten f\u00f6r att styra [&hellip;]<\/p>\n","protected":false},"author":1,"featured_media":1541332,"comment_status":"closed","ping_status":"closed","sticky":false,"template":"","format":"standard","meta":{"footnotes":""},"categories":[9],"tags":[],"class_list":["post-1541340","post","type-post","status-publish","format-standard","has-post-thumbnail","hentry","category-elektronikskatten"],"acf":[],"_links":{"self":[{"href":"https:\/\/www.applia-sverige.se\/en\/wp-json\/wp\/v2\/posts\/1541340","targetHints":{"allow":["GET"]}}],"collection":[{"href":"https:\/\/www.applia-sverige.se\/en\/wp-json\/wp\/v2\/posts"}],"about":[{"href":"https:\/\/www.applia-sverige.se\/en\/wp-json\/wp\/v2\/types\/post"}],"author":[{"embeddable":true,"href":"https:\/\/www.applia-sverige.se\/en\/wp-json\/wp\/v2\/users\/1"}],"replies":[{"embeddable":true,"href":"https:\/\/www.applia-sverige.se\/en\/wp-json\/wp\/v2\/comments?post=1541340"}],"version-history":[{"count":5,"href":"https:\/\/www.applia-sverige.se\/en\/wp-json\/wp\/v2\/posts\/1541340\/revisions"}],"predecessor-version":[{"id":1541342,"href":"https:\/\/www.applia-sverige.se\/en\/wp-json\/wp\/v2\/posts\/1541340\/revisions\/1541342"}],"wp:featuredmedia":[{"embeddable":true,"href":"https:\/\/www.applia-sverige.se\/en\/wp-json\/wp\/v2\/media\/1541332"}],"wp:attachment":[{"href":"https:\/\/www.applia-sverige.se\/en\/wp-json\/wp\/v2\/media?parent=1541340"}],"wp:term":[{"taxonomy":"category","embeddable":true,"href":"https:\/\/www.applia-sverige.se\/en\/wp-json\/wp\/v2\/categories?post=1541340"},{"taxonomy":"post_tag","embeddable":true,"href":"https:\/\/www.applia-sverige.se\/en\/wp-json\/wp\/v2\/tags?post=1541340"}],"curies":[{"name":"wp","href":"https:\/\/api.w.org\/{rel}","templated":true}]}}