{"id":1541670,"date":"2024-10-08T11:12:29","date_gmt":"2024-10-08T11:12:29","guid":{"rendered":"https:\/\/www.applia-sverige.se\/?p=1541670"},"modified":"2024-10-08T11:12:29","modified_gmt":"2024-10-08T11:12:29","slug":"langsam-forbattring-for-sallankopshandeln-juli-augusti","status":"publish","type":"post","link":"https:\/\/www.applia-sverige.se\/en\/langsam-forbattring-for-sallankopshandeln-juli-augusti\/","title":{"rendered":"Slow improvement for consumer durables trade in July-August"},"content":{"rendered":"<p><strong>The Swedish retail sector is slowly improving in the wake of slowing inflation and the expected reductions in loan interest rates. The Riksbank&#039;s implemented interest rate cuts and indications of further cuts before the end of the year are likely to lead to increased stimulation of consumption. At the same time, the month of September has been burdened by news of layoffs among large companies such as Telia, Ericsson, and Northvolt.<\/strong><\/p>\n\n\n\n<p class=\"has-medium-font-size\"><strong>Calendar-adjusted annual development in retail trade in Sweden<\/strong><\/p>\n\n\n\n<p>The total retail trade in rare goods, which includes white goods and household appliances, is still in a negative position but is close to zero compared to 2023.<\/p>\n\n\n\n<p>Compared to August 2023, retail sales volume increased by 0.5 percent in calendar-adjusted terms in August. Non-durable goods sales decreased by 0.1 percent, while grocery sales excluding Systembolaget increased by 1.4 percent.<\/p>\n\n\n\n<figure class=\"wp-block-image size-full\"><img loading=\"lazy\" decoding=\"async\" width=\"860\" height=\"664\" src=\"https:\/\/www.applia-sverige.se\/wp-content\/uploads\/2024\/10\/Analys-aug24.gif\" alt=\"\" class=\"wp-image-1541671\"\/><\/figure>\n\n\n\n<p class=\"has-medium-font-size\"><strong>How are things going now?<\/strong><\/p>\n\n\n\n<p>In the wake of the Riksbank&#039;s actions with signals of continued reductions in the key interest rate, households&#039; view of the economy is beginning to brighten. This is also reflected in the bankruptcy statistics, which show a favorable development in the retail sector recently. Figures from the business and credit information company UC now show the largest decrease in the number of bankruptcies in a month for retail companies in September. During the month this year, 58 companies in the retail sector went bankrupt. This is 17 percent fewer than in the same month last year. Looking at the whole of 2024, 709 companies in the retail sector have been forced to give up so far. However, this is 9 percent more than last year.<\/p>\n\n\n\n<p>\u201d&quot;The fact that retail is being affected less than other industries can be interpreted as households&#039; view of the economy approaching a normal situation, which the National Institute of Economic Research&#039;s barometer also points to,&quot; says Gabriella G\u00f6ransson, CEO of UC, in a press release.<\/p>\n\n\n\n<p>So now it&#039;s time to &quot;hold on and persevere&quot; as Tegnell said during the pandemic!<\/p>\n\n\n\n<p><\/p>\n\n\n\n<p><a href=\"https:\/\/www.applia-sverige.se\/en\/applia-marknaden-fortsatter-backa-i-augusti\/\" data-type=\"link\" data-id=\"https:\/\/www.applia-sverige.se\/applia-marknaden-fortsatter-backa-i-augusti\/\">Read the news about the industry results for July-August<\/a>.<\/p>\n\n\n<section  class=\"tebab-block-person_grid alignwide layout-small\">\n    <div class=\"contained\">\n        <div class=\"grid\">\n            <div class=\"person-card\">\n    \n            <div class=\"featured_image\">\n            <img loading=\"lazy\" decoding=\"async\" width=\"150\" height=\"150\" src=\"https:\/\/www.applia-sverige.se\/wp-content\/uploads\/2024\/02\/Kent-Oderud_1_1_webb-150x150.png\" class=\"attachment-thumbnail size-thumbnail\" alt=\"\" srcset=\"https:\/\/www.applia-sverige.se\/wp-content\/uploads\/2024\/02\/Kent-Oderud_1_1_webb-150x150.png 150w, https:\/\/www.applia-sverige.se\/wp-content\/uploads\/2024\/02\/Kent-Oderud_1_1_webb-300x300.png 300w, https:\/\/www.applia-sverige.se\/wp-content\/uploads\/2024\/02\/Kent-Oderud_1_1_webb.png 675w\" sizes=\"auto, (max-width: 150px) 100vw, 150px\" \/>        <\/div>\n    \n    <div class=\"content-wrapper\">\n        <div class=\"top\">\n                            <div class=\"title\">\n                    APPLiA Sweden                <\/div>\n                    <\/div>\n        \n        <h3>Kent Oderud<\/h3>\n\n                    <div class=\"excerpt\">\n                President            <\/div>\n        \n        <div class=\"links\">\n            \n                            <a href=\"mailto:kent.oderud@applia-sverige.se\">\n                    <div class=\"icon icon-envelope\"><\/div> kent.oderud@applia-sverige.se                <\/a>\n                    <\/div>\n        \n    <\/div>\n<\/div>        <\/div>\n    <\/div>\n<\/section>","protected":false},"excerpt":{"rendered":"<p>Den svenska detaljhandel g\u00e5r l\u00e5ngsamt b\u00e4ttre i sp\u00e5ren av den inbromsade inflationen och de f\u00f6rv\u00e4ntade s\u00e4nkningarna av l\u00e5ner\u00e4ntor. Riksbankens genomf\u00f6rda r\u00e4ntes\u00e4nkningar och indikationer p\u00e5 ytterligare s\u00e4nkningar innan \u00e5rets slut leder sannolikt till \u00f6kad stimulans av konsumtionen. Samtidigt har nu september m\u00e5nad varit tyngd av besked om varsel om upps\u00e4gningar bland storbolag som Telia, Ericsson, och [&hellip;]<\/p>\n","protected":false},"author":8,"featured_media":1352551,"comment_status":"closed","ping_status":"closed","sticky":false,"template":"","format":"standard","meta":{"footnotes":""},"categories":[15],"tags":[],"class_list":["post-1541670","post","type-post","status-publish","format-standard","has-post-thumbnail","hentry","category-marknadsutveckling"],"acf":[],"_links":{"self":[{"href":"https:\/\/www.applia-sverige.se\/en\/wp-json\/wp\/v2\/posts\/1541670","targetHints":{"allow":["GET"]}}],"collection":[{"href":"https:\/\/www.applia-sverige.se\/en\/wp-json\/wp\/v2\/posts"}],"about":[{"href":"https:\/\/www.applia-sverige.se\/en\/wp-json\/wp\/v2\/types\/post"}],"author":[{"embeddable":true,"href":"https:\/\/www.applia-sverige.se\/en\/wp-json\/wp\/v2\/users\/8"}],"replies":[{"embeddable":true,"href":"https:\/\/www.applia-sverige.se\/en\/wp-json\/wp\/v2\/comments?post=1541670"}],"version-history":[{"count":4,"href":"https:\/\/www.applia-sverige.se\/en\/wp-json\/wp\/v2\/posts\/1541670\/revisions"}],"predecessor-version":[{"id":1541675,"href":"https:\/\/www.applia-sverige.se\/en\/wp-json\/wp\/v2\/posts\/1541670\/revisions\/1541675"}],"wp:featuredmedia":[{"embeddable":true,"href":"https:\/\/www.applia-sverige.se\/en\/wp-json\/wp\/v2\/media\/1352551"}],"wp:attachment":[{"href":"https:\/\/www.applia-sverige.se\/en\/wp-json\/wp\/v2\/media?parent=1541670"}],"wp:term":[{"taxonomy":"category","embeddable":true,"href":"https:\/\/www.applia-sverige.se\/en\/wp-json\/wp\/v2\/categories?post=1541670"},{"taxonomy":"post_tag","embeddable":true,"href":"https:\/\/www.applia-sverige.se\/en\/wp-json\/wp\/v2\/tags?post=1541670"}],"curies":[{"name":"wp","href":"https:\/\/api.w.org\/{rel}","templated":true}]}}