{"id":1541966,"date":"2025-03-26T08:39:15","date_gmt":"2025-03-26T08:39:15","guid":{"rendered":"https:\/\/www.applia-sverige.se\/?p=1541966"},"modified":"2025-04-02T15:12:49","modified_gmt":"2025-04-02T15:12:49","slug":"hur-fargas-branschen-ar-2025","status":"publish","type":"post","link":"https:\/\/www.applia-sverige.se\/en\/hur-fargas-branschen-ar-2025\/","title":{"rendered":"How will the industry be colored in 2025?"},"content":{"rendered":"<p class=\"has-medium-font-size\"><strong>Does anyone remember the colorful 1980s and 1990s, where the colors of white goods were anything but white! What about the creative color names that existed then, such as lion yellow, avocado green, ruby red or why not fancy fire yellow. At that time, this was called Televerks-orange among industry professionals (old Televerket service vehicles had this color)!<\/strong><\/p>\n\n\n\n<figure class=\"wp-block-image size-full is-resized\"><img loading=\"lazy\" decoding=\"async\" width=\"715\" height=\"632\" src=\"https:\/\/www.applia-sverige.se\/wp-content\/uploads\/2025\/04\/Dockskap.jpg\" alt=\"\" class=\"wp-image-1541974\" style=\"width:300px\" srcset=\"https:\/\/www.applia-sverige.se\/wp-content\/uploads\/2025\/04\/Dockskap.jpg 715w, https:\/\/www.applia-sverige.se\/wp-content\/uploads\/2025\/04\/Dockskap-300x265.jpg 300w\" sizes=\"auto, (max-width: 715px) 100vw, 715px\" \/><\/figure>\n\n\n\n<p class=\"has-medium-font-size\"><strong>Las Vegas sets trends<\/strong><\/p>\n\n\n\n<p>But now we have started 2025 with the two trend-setting trade shows in Las Vegas; CES (Consumer Electronics Show) and now recently also KBIS (Kitchen &amp; Bath Industry Show). Are we heading back to more colorful products? Well, maybe not colorful in the truly sparkling sense of the word \u2013 but modern colors that take their place next to the prevailing stainless steel definitely.<\/p>\n\n\n\n<p>Two years ago, green was visible in most of the booths at KBIS, but as one experienced white goods person said at the time: \u201dI can tell you that green was always the slowest selling color, unless it was for a pool table.\u201d.<\/p>\n\n\n\n<p>But there were plenty of variants with green elements at this year&#039;s fair - but mostly in versions with a mix of blue and gray.<\/p>\n\n\n\n<figure class=\"wp-block-image size-full is-resized\"><img loading=\"lazy\" decoding=\"async\" width=\"352\" height=\"220\" src=\"https:\/\/www.applia-sverige.se\/wp-content\/uploads\/2025\/04\/Spis_fargartikel.png\" alt=\"\" class=\"wp-image-1541972\" style=\"width:500px\" srcset=\"https:\/\/www.applia-sverige.se\/wp-content\/uploads\/2025\/04\/Spis_fargartikel.png 352w, https:\/\/www.applia-sverige.se\/wp-content\/uploads\/2025\/04\/Spis_fargartikel-300x188.png 300w\" sizes=\"auto, (max-width: 352px) 100vw, 352px\" \/><\/figure>\n\n\n\n<p>Now, updated variations of the previous green colors are in effect. As in this example (see image above), where KitchenAid launched new colors for its larger appliances. This matte green\/gray\/blue color along with updated brass handles really stood out and was praised as a fine example of this year&#039;s color trend by visitors.<\/p>\n\n\n\n<p>If anyone wants to book the next KBIS show now, the 2026 show will take place February 17-19 in Orlando.<\/p>\n\n\n\n<p class=\"has-medium-font-size\"><strong>SDA trendsetting<\/strong><\/p>\n\n\n\n<p>Small domestic appliances (SDA) are more often introduced with a wider range of different colours on their products than their larger cousins (white goods). For SDA, colour creativity seems to have no limits and this year the trend towards greenish-blue variants seems to be driven strongly by these product categories and is really prominent \u2013 preferably also in a matt finish. Here are some examples of trend-setting products from Smeg\u2019s product range:<\/p>\n\n\n\n<figure class=\"wp-block-image size-full is-resized\"><img loading=\"lazy\" decoding=\"async\" width=\"626\" height=\"322\" src=\"https:\/\/www.applia-sverige.se\/wp-content\/uploads\/2025\/04\/Skarmavbild-2025-04-02-kl.-09.41.13.png\" alt=\"\" class=\"wp-image-1541971\" style=\"width:600px\" srcset=\"https:\/\/www.applia-sverige.se\/wp-content\/uploads\/2025\/04\/Skarmavbild-2025-04-02-kl.-09.41.13.png 626w, https:\/\/www.applia-sverige.se\/wp-content\/uploads\/2025\/04\/Skarmavbild-2025-04-02-kl.-09.41.13-300x154.png 300w\" sizes=\"auto, (max-width: 626px) 100vw, 626px\" \/><\/figure>\n\n\n\n<p>This color variant of the toaster, espresso machine and more SMEG products is called EMERALD GREEN and is available for sale in Sweden.<\/p>\n\n\n\n<p class=\"has-medium-font-size\"><strong>The sea inspires<\/strong><\/p>\n\n\n\n<p>MoccaMaster is also promoting \u201dthe blue\/green color of the year\u201d with its OCEAN \u2013 a color inspired by the sea. And writes that \u201d<em>OCEAN is a little more than just a<\/em> <em>color. It is said to embody calm, harmony and the natural beauty of the ocean \u2013 an invitation to slow down and enjoy the moment. Inspired by the calm of ocean waves, this deep shade elevates any space.\u201d. &nbsp;<\/em><\/p>\n\n\n\n<figure class=\"wp-block-image size-full is-resized\"><img loading=\"lazy\" decoding=\"async\" width=\"247\" height=\"192\" src=\"https:\/\/www.applia-sverige.se\/wp-content\/uploads\/2025\/04\/MoccaMaster.png\" alt=\"\" class=\"wp-image-1541970\" style=\"width:250px\"\/><\/figure>\n\n\n\n<p>And with such a beautiful justification, every viewer understands that it is a popular color choice.<\/p>\n\n\n\n<p class=\"has-medium-font-size\"><strong>Is this year&#039;s color also butter?<\/strong><\/p>\n\n\n\n<p>We have also caught wind that KitchenAid is traditionally launching the &quot;Color of the Year 2025&quot; for its iconic Artisan kitchen machine for the seventh year in a row - that color is buttery yellow and is therefore called BUTTER.<\/p>\n\n\n\n<figure class=\"wp-block-image size-full is-resized\"><img loading=\"lazy\" decoding=\"async\" width=\"583\" height=\"583\" src=\"https:\/\/www.applia-sverige.se\/wp-content\/uploads\/2025\/04\/KitchenAid_gul.jpg\" alt=\"\" class=\"wp-image-1541969\" style=\"width:200px\" srcset=\"https:\/\/www.applia-sverige.se\/wp-content\/uploads\/2025\/04\/KitchenAid_gul.jpg 583w, https:\/\/www.applia-sverige.se\/wp-content\/uploads\/2025\/04\/KitchenAid_gul-300x300.jpg 300w, https:\/\/www.applia-sverige.se\/wp-content\/uploads\/2025\/04\/KitchenAid_gul-150x150.jpg 150w\" sizes=\"auto, (max-width: 583px) 100vw, 583px\" \/><\/figure>\n\n\n\n<p>The warm buttery yellow hue is sure to evoke memories of cozy moments in the kitchen and capture the nostalgia of cooking together. According to KitchenAid, the color reflects global trends, and the idea is that it will create a beautiful eye-catcher in bright, Scandinavian homes.<\/p>\n\n\n\n<p>The most recent \u201dcolors of the year\u201d from KitchenAid have been: 2024: Blue Salt (light blue) 2023: Hibiscus (pink) 2022: Beetroot (dark purple) 2021: Honey (orange)<\/p>\n\n\n\n<p class=\"has-medium-font-size\"><strong>Ocean blue or butter yellow on the larger appliances?<\/strong><\/p>\n\n\n\n<p>The richness of color radiates in many directions from the industry&#039;s smaller household appliances, but will we see a rising colorful trend for larger appliances in the future, as a &quot;revival&quot; of the colorful fireworks of the 1990s?<\/p>\n\n\n\n<figure class=\"wp-block-image size-full is-resized\"><img loading=\"lazy\" decoding=\"async\" width=\"562\" height=\"831\" src=\"https:\/\/www.applia-sverige.se\/wp-content\/uploads\/2025\/04\/Tvattmaskiner_flera-farger.jpg\" alt=\"\" class=\"wp-image-1541967\" style=\"width:300px\" srcset=\"https:\/\/www.applia-sverige.se\/wp-content\/uploads\/2025\/04\/Tvattmaskiner_flera-farger.jpg 562w, https:\/\/www.applia-sverige.se\/wp-content\/uploads\/2025\/04\/Tvattmaskiner_flera-farger-203x300.jpg 203w\" sizes=\"auto, (max-width: 562px) 100vw, 562px\" \/><\/figure>\n\n\n\n<p class=\"has-small-font-size\">Image: Uffes Kyl o Maskinservice<br><\/p>\n\n\n\n<p>It&#039;s not entirely likely, but it certainly makes you a little hungry when you see the picture from a colorful laundry room that Uffes Kyl o Maskinservice in Link\u00f6ping installed - for both white and colored laundry!<\/p>\n\n\n<section  class=\"tebab-block-person_grid aligncenter layout-small\">\n    <div class=\"contained\">\n        <div class=\"grid\">\n            <div class=\"person-card\">\n    \n            <div class=\"featured_image\">\n            <img loading=\"lazy\" decoding=\"async\" width=\"150\" height=\"150\" src=\"https:\/\/www.applia-sverige.se\/wp-content\/uploads\/2024\/02\/Kent-Oderud_1_1_webb-150x150.png\" class=\"attachment-thumbnail size-thumbnail\" alt=\"\" srcset=\"https:\/\/www.applia-sverige.se\/wp-content\/uploads\/2024\/02\/Kent-Oderud_1_1_webb-150x150.png 150w, https:\/\/www.applia-sverige.se\/wp-content\/uploads\/2024\/02\/Kent-Oderud_1_1_webb-300x300.png 300w, https:\/\/www.applia-sverige.se\/wp-content\/uploads\/2024\/02\/Kent-Oderud_1_1_webb.png 675w\" sizes=\"auto, (max-width: 150px) 100vw, 150px\" \/>        <\/div>\n    \n    <div class=\"content-wrapper\">\n        <div class=\"top\">\n                            <div class=\"title\">\n                    APPLiA Sweden                <\/div>\n                    <\/div>\n        \n        <h3>Kent Oderud<\/h3>\n\n                    <div class=\"excerpt\">\n                President            <\/div>\n        \n        <div class=\"links\">\n            \n                            <a href=\"mailto:kent.oderud@applia-sverige.se\">\n                    <div class=\"icon icon-envelope\"><\/div> kent.oderud@applia-sverige.se                <\/a>\n                    <\/div>\n        \n    <\/div>\n<\/div>        <\/div>\n    <\/div>\n<\/section>","protected":false},"excerpt":{"rendered":"<p>Minns n\u00e5gon det f\u00e4rggranna 1980-och 1990-talen, d\u00e4r f\u00e4rgerna p\u00e5 vitvarorna var allt annat \u00e4n vita! Vad s\u00e4gs om de kreativa f\u00e4rgnamn som fanns d\u00e5 t.ex. lejongult, avokadogr\u00f6nt, rubinr\u00f6tt eller varf\u00f6r inte tjusigt brandgult. P\u00e5 den tiden kallades denna bland branschfolk f\u00f6r Televerks-orange (gamla Televerkets servicebilar hade denna f\u00e4rg)! Las Vegas s\u00e4tter trender Men nu har [&hellip;]<\/p>\n","protected":false},"author":8,"featured_media":1541980,"comment_status":"closed","ping_status":"closed","sticky":false,"template":"","format":"standard","meta":{"footnotes":""},"categories":[10],"tags":[],"class_list":["post-1541966","post","type-post","status-publish","format-standard","has-post-thumbnail","hentry","category-foreningsnyheter"],"acf":[],"_links":{"self":[{"href":"https:\/\/www.applia-sverige.se\/en\/wp-json\/wp\/v2\/posts\/1541966","targetHints":{"allow":["GET"]}}],"collection":[{"href":"https:\/\/www.applia-sverige.se\/en\/wp-json\/wp\/v2\/posts"}],"about":[{"href":"https:\/\/www.applia-sverige.se\/en\/wp-json\/wp\/v2\/types\/post"}],"author":[{"embeddable":true,"href":"https:\/\/www.applia-sverige.se\/en\/wp-json\/wp\/v2\/users\/8"}],"replies":[{"embeddable":true,"href":"https:\/\/www.applia-sverige.se\/en\/wp-json\/wp\/v2\/comments?post=1541966"}],"version-history":[{"count":6,"href":"https:\/\/www.applia-sverige.se\/en\/wp-json\/wp\/v2\/posts\/1541966\/revisions"}],"predecessor-version":[{"id":1541979,"href":"https:\/\/www.applia-sverige.se\/en\/wp-json\/wp\/v2\/posts\/1541966\/revisions\/1541979"}],"wp:featuredmedia":[{"embeddable":true,"href":"https:\/\/www.applia-sverige.se\/en\/wp-json\/wp\/v2\/media\/1541980"}],"wp:attachment":[{"href":"https:\/\/www.applia-sverige.se\/en\/wp-json\/wp\/v2\/media?parent=1541966"}],"wp:term":[{"taxonomy":"category","embeddable":true,"href":"https:\/\/www.applia-sverige.se\/en\/wp-json\/wp\/v2\/categories?post=1541966"},{"taxonomy":"post_tag","embeddable":true,"href":"https:\/\/www.applia-sverige.se\/en\/wp-json\/wp\/v2\/tags?post=1541966"}],"curies":[{"name":"wp","href":"https:\/\/api.w.org\/{rel}","templated":true}]}}