{"id":1542038,"date":"2025-04-30T08:32:42","date_gmt":"2025-04-30T08:32:42","guid":{"rendered":"https:\/\/www.applia-sverige.se\/?p=1542038"},"modified":"2025-04-30T08:32:42","modified_gmt":"2025-04-30T08:32:42","slug":"marknadsutveckling-forsta-kvartalet","status":"publish","type":"post","link":"https:\/\/www.applia-sverige.se\/en\/marknadsutveckling-forsta-kvartalet\/","title":{"rendered":"Market development in the first quarter"},"content":{"rendered":"<p><strong>The industry&#039;s sell-in figures for the first quarter of this year show some recovery for larger appliances, while smaller household appliances are still well behind the corresponding period last year.<\/strong><\/p>\n\n\n\n<figure class=\"wp-block-image size-large\"><img loading=\"lazy\" decoding=\"async\" width=\"1024\" height=\"576\" src=\"https:\/\/www.applia-sverige.se\/wp-content\/uploads\/2025\/04\/Marknadsutveckling_q1_01-1024x576.png\" alt=\"\" class=\"wp-image-1542039\" srcset=\"https:\/\/www.applia-sverige.se\/wp-content\/uploads\/2025\/04\/Marknadsutveckling_q1_01-1024x576.png 1024w, https:\/\/www.applia-sverige.se\/wp-content\/uploads\/2025\/04\/Marknadsutveckling_q1_01-300x169.png 300w, https:\/\/www.applia-sverige.se\/wp-content\/uploads\/2025\/04\/Marknadsutveckling_q1_01-768x432.png 768w, https:\/\/www.applia-sverige.se\/wp-content\/uploads\/2025\/04\/Marknadsutveckling_q1_01-1536x864.png 1536w, https:\/\/www.applia-sverige.se\/wp-content\/uploads\/2025\/04\/Marknadsutveckling_q1_01.png 1600w\" sizes=\"auto, (max-width: 1024px) 100vw, 1024px\" \/><\/figure>\n\n\n\n<p class=\"has-medium-font-size\"><strong>The industry as a whole does not reach last year&#039;s level<\/strong><\/p>\n\n\n\n<p>The first quarter of the year ended with a loss of minus 3.6 percent for the first three months of the year for the overall APPLiA industry. Nevertheless, the monthly figure in March (-1.1%) improved slightly on this quarterly figure, as both January and February showed worse comparative figures this year compared to their corresponding months in 2024 than what was shown in March.<\/p>\n\n\n\n<figure class=\"wp-block-image size-large\"><img loading=\"lazy\" decoding=\"async\" width=\"1024\" height=\"576\" src=\"https:\/\/www.applia-sverige.se\/wp-content\/uploads\/2025\/04\/Marknadsutveckling_q1_02-1024x576.png\" alt=\"\" class=\"wp-image-1542040\" srcset=\"https:\/\/www.applia-sverige.se\/wp-content\/uploads\/2025\/04\/Marknadsutveckling_q1_02-1024x576.png 1024w, https:\/\/www.applia-sverige.se\/wp-content\/uploads\/2025\/04\/Marknadsutveckling_q1_02-300x169.png 300w, https:\/\/www.applia-sverige.se\/wp-content\/uploads\/2025\/04\/Marknadsutveckling_q1_02-768x432.png 768w, https:\/\/www.applia-sverige.se\/wp-content\/uploads\/2025\/04\/Marknadsutveckling_q1_02-1536x864.png 1536w, https:\/\/www.applia-sverige.se\/wp-content\/uploads\/2025\/04\/Marknadsutveckling_q1_02.png 1600w\" sizes=\"auto, (max-width: 1024px) 100vw, 1024px\" \/><\/figure>\n\n\n\n<p class=\"has-medium-font-size\"><strong>White goods (MDA) pluses<\/strong><\/p>\n\n\n\n<p>The larger industry goods (MDA) made a small plus (+1.1%) in value terms in the month, which helped to almost reach last year&#039;s figure for the first quarter of this year. This despite a decrease in housing construction in Sweden and a tough retail climate. Now all that is needed is a boost for the volume figure, which for all MDA segments combined is currently at minus 3.2 percent, before we proclaim that &quot;the bottom has been reached, now things are turning up for white goods&quot;!<\/p>\n\n\n\n<p class=\"has-medium-font-size\"><strong>SDA still in the red<\/strong><\/p>\n\n\n\n<p>Household appliances (SDA) have not yet recovered from the boom that occurred during the pandemic and immediately afterwards. Swedish households seem to have stocked up on coffee machines and other goods during this period. This has hit sales hard. In terms of value, the quarter ends up being minus 11.2 percent worse than 2024.<\/p>\n\n\n\n<figure class=\"wp-block-image size-large\"><img loading=\"lazy\" decoding=\"async\" width=\"1024\" height=\"576\" src=\"https:\/\/www.applia-sverige.se\/wp-content\/uploads\/2025\/04\/Marknadsutveckling_q1_03-1024x576.png\" alt=\"\" class=\"wp-image-1542041\" srcset=\"https:\/\/www.applia-sverige.se\/wp-content\/uploads\/2025\/04\/Marknadsutveckling_q1_03-1024x576.png 1024w, https:\/\/www.applia-sverige.se\/wp-content\/uploads\/2025\/04\/Marknadsutveckling_q1_03-300x169.png 300w, https:\/\/www.applia-sverige.se\/wp-content\/uploads\/2025\/04\/Marknadsutveckling_q1_03-768x432.png 768w, https:\/\/www.applia-sverige.se\/wp-content\/uploads\/2025\/04\/Marknadsutveckling_q1_03-1536x864.png 1536w, https:\/\/www.applia-sverige.se\/wp-content\/uploads\/2025\/04\/Marknadsutveckling_q1_03.png 1600w\" sizes=\"auto, (max-width: 1024px) 100vw, 1024px\" \/><\/figure>\n\n\n\n<p class=\"has-medium-font-size\"><strong>Volume development remains negative\u2026<\/strong><\/p>\n\n\n\n<p>\u2026 but there are positive signs among some of the product segments. Refrigeration and freezing products, washing machines and dryers and range hoods are rolling along with positive figures within MDA, while it is \u201dKitchen appliances\u201d with, among others, kitchen machines, mixers, waffle irons and kettles that show positive volume figures within SDA for the first quarter. Coffee machines and vacuum cleaners, on the other hand, are down by 5.6 and 15.2 percent respectively.<\/p>\n\n\n\n<p class=\"has-medium-font-size\"><strong>Ahead of the second quarter<\/strong><\/p>\n\n\n\n<p>We have now entered the second quarter and there are a number of external factors that can help increase the pace for companies in the industry; a strengthened krona, lower inflation rates and also an increased RUT deduction, which can provide positive impetus to an increased number of kitchen and laundry room renovations.<\/p>\n\n\n\n<p>However, so far we only have reports from statistical institutes about continued weak sales trends in the consumer durables and home equipment trade, which may need to gain more momentum before we can see a significant upturn again.<\/p>\n\n\n<section  class=\"tebab-block-person_grid aligncenter layout-small\">\n    <div class=\"contained\">\n        <div class=\"grid\">\n            <div class=\"person-card\">\n    \n            <div class=\"featured_image\">\n            <img loading=\"lazy\" decoding=\"async\" width=\"150\" height=\"150\" src=\"https:\/\/www.applia-sverige.se\/wp-content\/uploads\/2024\/02\/Kent-Oderud_1_1_webb-150x150.png\" class=\"attachment-thumbnail size-thumbnail\" alt=\"\" srcset=\"https:\/\/www.applia-sverige.se\/wp-content\/uploads\/2024\/02\/Kent-Oderud_1_1_webb-150x150.png 150w, https:\/\/www.applia-sverige.se\/wp-content\/uploads\/2024\/02\/Kent-Oderud_1_1_webb-300x300.png 300w, https:\/\/www.applia-sverige.se\/wp-content\/uploads\/2024\/02\/Kent-Oderud_1_1_webb.png 675w\" sizes=\"auto, (max-width: 150px) 100vw, 150px\" \/>        <\/div>\n    \n    <div class=\"content-wrapper\">\n        <div class=\"top\">\n                            <div class=\"title\">\n                    APPLiA Sweden                <\/div>\n                    <\/div>\n        \n        <h3>Kent Oderud<\/h3>\n\n                    <div class=\"excerpt\">\n                President            <\/div>\n        \n        <div class=\"links\">\n            \n                            <a href=\"mailto:kent.oderud@applia-sverige.se\">\n                    <div class=\"icon icon-envelope\"><\/div> kent.oderud@applia-sverige.se                <\/a>\n                    <\/div>\n        \n    <\/div>\n<\/div>        <\/div>\n    <\/div>\n<\/section>\n\n\n<p><\/p>","protected":false},"excerpt":{"rendered":"<p>Branschens sell-in siffror f\u00f6r det f\u00f6rsta kvartalet i \u00e5r visar p\u00e5 ett visst tillfrisknande f\u00f6r de st\u00f6rre vitvarorna, medan de mindre hush\u00e5llsapparaterna fortsatt ligger ordentligt efter fjol\u00e5rets motsvarande period. Branschen som helhet n\u00e5r inte fjol\u00e5ret Med ett tapp p\u00e5 minus 3,6 procent f\u00f6r \u00e5rets tre f\u00f6rsta m\u00e5nader s\u00e5 avslutades det f\u00f6rsta kvartalet f\u00f6r den samlade [&hellip;]<\/p>\n","protected":false},"author":8,"featured_media":1541225,"comment_status":"closed","ping_status":"closed","sticky":false,"template":"","format":"standard","meta":{"footnotes":""},"categories":[15],"tags":[],"class_list":["post-1542038","post","type-post","status-publish","format-standard","has-post-thumbnail","hentry","category-marknadsutveckling"],"acf":[],"_links":{"self":[{"href":"https:\/\/www.applia-sverige.se\/en\/wp-json\/wp\/v2\/posts\/1542038","targetHints":{"allow":["GET"]}}],"collection":[{"href":"https:\/\/www.applia-sverige.se\/en\/wp-json\/wp\/v2\/posts"}],"about":[{"href":"https:\/\/www.applia-sverige.se\/en\/wp-json\/wp\/v2\/types\/post"}],"author":[{"embeddable":true,"href":"https:\/\/www.applia-sverige.se\/en\/wp-json\/wp\/v2\/users\/8"}],"replies":[{"embeddable":true,"href":"https:\/\/www.applia-sverige.se\/en\/wp-json\/wp\/v2\/comments?post=1542038"}],"version-history":[{"count":5,"href":"https:\/\/www.applia-sverige.se\/en\/wp-json\/wp\/v2\/posts\/1542038\/revisions"}],"predecessor-version":[{"id":1542046,"href":"https:\/\/www.applia-sverige.se\/en\/wp-json\/wp\/v2\/posts\/1542038\/revisions\/1542046"}],"wp:featuredmedia":[{"embeddable":true,"href":"https:\/\/www.applia-sverige.se\/en\/wp-json\/wp\/v2\/media\/1541225"}],"wp:attachment":[{"href":"https:\/\/www.applia-sverige.se\/en\/wp-json\/wp\/v2\/media?parent=1542038"}],"wp:term":[{"taxonomy":"category","embeddable":true,"href":"https:\/\/www.applia-sverige.se\/en\/wp-json\/wp\/v2\/categories?post=1542038"},{"taxonomy":"post_tag","embeddable":true,"href":"https:\/\/www.applia-sverige.se\/en\/wp-json\/wp\/v2\/tags?post=1542038"}],"curies":[{"name":"wp","href":"https:\/\/api.w.org\/{rel}","templated":true}]}}