{"id":1542070,"date":"2025-05-26T13:01:20","date_gmt":"2025-05-26T13:01:20","guid":{"rendered":"https:\/\/www.applia-sverige.se\/?p=1542070"},"modified":"2025-05-26T13:01:20","modified_gmt":"2025-05-26T13:01:20","slug":"april-samsta-branschmanaden-pa-lange","status":"publish","type":"post","link":"https:\/\/www.applia-sverige.se\/en\/april-samsta-branschmanaden-pa-lange\/","title":{"rendered":"April: Worst industry month in a long time"},"content":{"rendered":"<p><strong>The budding signs that the APPLiA market is recovering, which have been visible in recent months, suffered a real setback in April. In terms of value, the sell-in value for April landed down by a full 17 percent compared to the same month in 2024, and the value for the entire four-month period thus dropped to minus 7 percent. \u00a0<\/strong><\/p>\n\n\n\n<figure class=\"wp-block-image size-full\"><img loading=\"lazy\" decoding=\"async\" width=\"638\" height=\"360\" src=\"https:\/\/www.applia-sverige.se\/wp-content\/uploads\/2025\/05\/Marknad-april01.jpg\" alt=\"\" class=\"wp-image-1542071\" srcset=\"https:\/\/www.applia-sverige.se\/wp-content\/uploads\/2025\/05\/Marknad-april01.jpg 638w, https:\/\/www.applia-sverige.se\/wp-content\/uploads\/2025\/05\/Marknad-april01-300x169.jpg 300w\" sizes=\"auto, (max-width: 638px) 100vw, 638px\" \/><\/figure>\n\n\n\n<p class=\"has-medium-font-size\"><strong>A really weak month in Sweden<\/strong><\/p>\n\n\n\n<p>We have to go back a long way in time in the Swedish market statistics to find a worse monthly comparison for the industry than the one that the month of April shows. Is it the sharply reduced housing production of both multi-family buildings and single-family houses that is making a difference? Or is it an effect of the reduced consumption space among the inhabitants of Sweden? Have prices increased so much due to the drastically increased tax collection of the heavily criticized electronics tax, that it gives consumers more reason to compare prices and shop from foreign trade, which is only a &quot;click&quot; away?<\/p>\n\n\n\n<p>Postnord&#039;s latest report on the development of e-commerce points to a sharp increase in imports from other countries - at the top are of course China and Germany, but Denmark is also among the top five, according to Postnord. &nbsp;&nbsp;&nbsp;&nbsp;&nbsp;<\/p>\n\n\n\n<figure class=\"wp-block-image size-large\"><img loading=\"lazy\" decoding=\"async\" width=\"1024\" height=\"576\" src=\"https:\/\/www.applia-sverige.se\/wp-content\/uploads\/2025\/05\/Marknad-april02-1024x576.png\" alt=\"\" class=\"wp-image-1542072\" srcset=\"https:\/\/www.applia-sverige.se\/wp-content\/uploads\/2025\/05\/Marknad-april02-1024x576.png 1024w, https:\/\/www.applia-sverige.se\/wp-content\/uploads\/2025\/05\/Marknad-april02-300x169.png 300w, https:\/\/www.applia-sverige.se\/wp-content\/uploads\/2025\/05\/Marknad-april02-768x432.png 768w, https:\/\/www.applia-sverige.se\/wp-content\/uploads\/2025\/05\/Marknad-april02-1536x864.png 1536w, https:\/\/www.applia-sverige.se\/wp-content\/uploads\/2025\/05\/Marknad-april02.png 1600w\" sizes=\"auto, (max-width: 1024px) 100vw, 1024px\" \/><\/figure>\n\n\n\n<p class=\"has-medium-font-size\"><strong>White goods (MDA) \u2013 a tough uphill battle<\/strong><\/p>\n\n\n\n<p>An extra look at the APPstat figures was needed to understand the tough April report. The sell-in value for April is down almost 20 percent \u2013 accumulated (=YTD) so white goods now also lost touch with the zero stretch (-5.8 %). In terms of volume, for MDA collected in April, the figure landed at minus 15 percent \u2013 see each product area in the next image. &nbsp;<\/p>\n\n\n\n<p class=\"has-medium-font-size\"><strong>Household appliances (SDA) \u2013 in the same uphill slope<\/strong><\/p>\n\n\n\n<p>Smaller household appliances did not have as dark a month (April) as larger appliances, and have now this year positioned themselves at a steady level around the minus 10 percent mark compared to 2024.<\/p>\n\n\n\n<p>For these product groups, the turnaround from a dark to a brighter economic outlook rests heavily on a general increase in consumption. Scattered \u201dsmall rockets\u201d have already burned down, but the larger shopping fireworks will only start if the uncertainty in the private economy disappears and optimism can begin to sprout. &nbsp;&nbsp;<\/p>\n\n\n\n<figure class=\"wp-block-image size-large\"><img loading=\"lazy\" decoding=\"async\" width=\"1024\" height=\"576\" src=\"https:\/\/www.applia-sverige.se\/wp-content\/uploads\/2025\/05\/Marknad-april03-1024x576.png\" alt=\"\" class=\"wp-image-1542073\" srcset=\"https:\/\/www.applia-sverige.se\/wp-content\/uploads\/2025\/05\/Marknad-april03-1024x576.png 1024w, https:\/\/www.applia-sverige.se\/wp-content\/uploads\/2025\/05\/Marknad-april03-300x169.png 300w, https:\/\/www.applia-sverige.se\/wp-content\/uploads\/2025\/05\/Marknad-april03-768x432.png 768w, https:\/\/www.applia-sverige.se\/wp-content\/uploads\/2025\/05\/Marknad-april03-1536x864.png 1536w, https:\/\/www.applia-sverige.se\/wp-content\/uploads\/2025\/05\/Marknad-april03.png 1600w\" sizes=\"auto, (max-width: 1024px) 100vw, 1024px\" \/><\/figure>\n\n\n\n<p class=\"has-medium-font-size\"><strong>No more \u201dsmall rockets\u201d that increase volume<\/strong><\/p>\n\n\n\n<p>Among the product segments, only range hoods and kitchen appliances are taking off like rockets with positive volume development so far this year (see summary above). Otherwise, most other product segments are in a slump.<\/p>\n\n\n\n<p>We have to look for a while in the subgroups within each segment to find some areas with a positive volume development. One example is top-loading washing machines that are included in \u201dwash &amp; dry\u201d. These have relatively small volumes compared to front-loading ones, but they have a lower average price and are therefore an alternative for households when the economy is tight. This may explain the positive development of this product area this year \u2013 both in value and volume. &nbsp;&nbsp;&nbsp;<\/p>\n\n\n\n<p>Another \u201drocket\u201d among small appliances is the waffle iron, which is included in the \u201dKitchen appliances\u201d category. This relatively small group has increased its volume by over 50 percent so far this year. It seems that waffle day did not go completely unnoticed this year! &nbsp;&nbsp;&nbsp;&nbsp;<\/p>\n\n\n<section  class=\"tebab-block-person_grid aligncenter layout-small\">\n    <div class=\"contained\">\n        <div class=\"grid\">\n            <div class=\"person-card\">\n    \n            <div class=\"featured_image\">\n            <img loading=\"lazy\" decoding=\"async\" width=\"150\" height=\"150\" src=\"https:\/\/www.applia-sverige.se\/wp-content\/uploads\/2024\/02\/Kent-Oderud_1_1_webb-150x150.png\" class=\"attachment-thumbnail size-thumbnail\" alt=\"\" srcset=\"https:\/\/www.applia-sverige.se\/wp-content\/uploads\/2024\/02\/Kent-Oderud_1_1_webb-150x150.png 150w, https:\/\/www.applia-sverige.se\/wp-content\/uploads\/2024\/02\/Kent-Oderud_1_1_webb-300x300.png 300w, https:\/\/www.applia-sverige.se\/wp-content\/uploads\/2024\/02\/Kent-Oderud_1_1_webb.png 675w\" sizes=\"auto, (max-width: 150px) 100vw, 150px\" \/>        <\/div>\n    \n    <div class=\"content-wrapper\">\n        <div class=\"top\">\n                            <div class=\"title\">\n                    APPLiA Sweden                <\/div>\n                    <\/div>\n        \n        <h3>Kent Oderud<\/h3>\n\n                    <div class=\"excerpt\">\n                President            <\/div>\n        \n        <div class=\"links\">\n            \n                            <a href=\"mailto:kent.oderud@applia-sverige.se\">\n                    <div class=\"icon icon-envelope\"><\/div> kent.oderud@applia-sverige.se                <\/a>\n                    <\/div>\n        \n    <\/div>\n<\/div>        <\/div>\n    <\/div>\n<\/section>","protected":false},"excerpt":{"rendered":"<p>De spirande tecken p\u00e5 att APPLiA-marknaden h\u00e5ller p\u00e5 att tillfriskna, som synts de senaste m\u00e5naderna, fick sig ett riktigt bakslag i april. V\u00e4rdem\u00e4ssigt landade sell-in v\u00e4rdet f\u00f6r april ned\u00e5t med hela drygt 17 procent j\u00e4mf\u00f6rt med samma m\u00e5nad 2024 och v\u00e4rdet f\u00f6r hela tertialet droppade d\u00e4rmed ner till minus 7 procent. \u00a0 En riktigt svag [&hellip;]<\/p>\n","protected":false},"author":8,"featured_media":1541225,"comment_status":"closed","ping_status":"closed","sticky":false,"template":"","format":"standard","meta":{"footnotes":""},"categories":[15],"tags":[],"class_list":["post-1542070","post","type-post","status-publish","format-standard","has-post-thumbnail","hentry","category-marknadsutveckling"],"acf":[],"_links":{"self":[{"href":"https:\/\/www.applia-sverige.se\/en\/wp-json\/wp\/v2\/posts\/1542070","targetHints":{"allow":["GET"]}}],"collection":[{"href":"https:\/\/www.applia-sverige.se\/en\/wp-json\/wp\/v2\/posts"}],"about":[{"href":"https:\/\/www.applia-sverige.se\/en\/wp-json\/wp\/v2\/types\/post"}],"author":[{"embeddable":true,"href":"https:\/\/www.applia-sverige.se\/en\/wp-json\/wp\/v2\/users\/8"}],"replies":[{"embeddable":true,"href":"https:\/\/www.applia-sverige.se\/en\/wp-json\/wp\/v2\/comments?post=1542070"}],"version-history":[{"count":2,"href":"https:\/\/www.applia-sverige.se\/en\/wp-json\/wp\/v2\/posts\/1542070\/revisions"}],"predecessor-version":[{"id":1542075,"href":"https:\/\/www.applia-sverige.se\/en\/wp-json\/wp\/v2\/posts\/1542070\/revisions\/1542075"}],"wp:featuredmedia":[{"embeddable":true,"href":"https:\/\/www.applia-sverige.se\/en\/wp-json\/wp\/v2\/media\/1541225"}],"wp:attachment":[{"href":"https:\/\/www.applia-sverige.se\/en\/wp-json\/wp\/v2\/media?parent=1542070"}],"wp:term":[{"taxonomy":"category","embeddable":true,"href":"https:\/\/www.applia-sverige.se\/en\/wp-json\/wp\/v2\/categories?post=1542070"},{"taxonomy":"post_tag","embeddable":true,"href":"https:\/\/www.applia-sverige.se\/en\/wp-json\/wp\/v2\/tags?post=1542070"}],"curies":[{"name":"wp","href":"https:\/\/api.w.org\/{rel}","templated":true}]}}