{"id":1542092,"date":"2025-06-11T11:09:48","date_gmt":"2025-06-11T11:09:48","guid":{"rendered":"https:\/\/www.applia-sverige.se\/?p=1542092"},"modified":"2025-06-11T11:15:56","modified_gmt":"2025-06-11T11:15:56","slug":"handelskrig-og-hvidevarer","status":"publish","type":"post","link":"https:\/\/www.applia-sverige.se\/en\/handelskrig-og-hvidevarer\/","title":{"rendered":"Trade wars and white goods"},"content":{"rendered":"<p class=\"has-medium-font-size\"><strong>Trade wars and white goods \u2013 <\/strong>We find that headline in Danish-sounding language in our sister organization \u2013 APPLiA Denmark \u2013\u2019s latest newsletter, which comments on the impact of the tariff war on the white goods market. Here is the article by APPLiA-Denmark\u2019s director Henrik Egede, translated into Swedish:<\/p>\n\n\n\n<p>\u201d&quot;\u201d<em>The world economy seems to have been given a serious spin in some washing machine since the beginning of 2025! Will appliances, electronics and other technology now become more expensive due to the announced and partly ongoing tariff wars?<\/em><\/p>\n\n\n\n<p><em>It is too early to tell, experts say. First, because decisions on new tariffs have not yet been fully finalized. Purely American products will likely become more expensive, but more than 75 percent of appliances sold in Europe are also produced in Europe. They are not directly affected by a tariff and trade war.<br><br>However, a high proportion of smaller electrical household appliances is produced in Asia \u2013 but this concerns trade between Europe and Asia, not the US. However, if exports to the US market decrease due to increased tariffs, this could mean an increased incentive for Asian producers to sell surplus production to Europe and other markets.<br><br>The white goods industry is otherwise fundamentally global. Products are assembled with components from many different countries. Therefore, increasing tariffs on components and more complicated supply chains could be a costly effect of a trade war, even for the white goods industry.<br><br>It&#039;s a complicated situation. One thing is certain: Danish consumer confidence, as measured by Statistics Denmark, is at its lowest level in a long time. On the positive side, the Danish housing market is active. This usually boosts sales of white goods.<\/em>.\u201d<\/p>\n\n\n\n<p>For the Swedish market, consumer confidence is also at a low level, just like in Denmark. However, some improvement is still visible in Statistics Sweden&#039;s latest figures from Swedish retail sales of durable goods in April.<\/p>\n\n\n\n<p>Compared to the corresponding month in 2024, the sales volume of the entire Swedish retail trade increased by 5.3 percent in calendar-adjusted figures in April. Of this, the non-durable goods trade increased by a full 8.5 percent from a low level in 2024. The grocery trade increased by 1.9 percent in April. In comparison, we cannot see the positive signals of an activated housing market in Denmark on the Swedish market. We were recently able to report on a <a href=\"https:\/\/www.applia-sverige.se\/en\/fardigstallandet-av-bostader-ner-30-procent-i-sverige-under-2024\/\" data-type=\"link\" data-id=\"https:\/\/www.applia-sverige.se\/fardigstallandet-av-bostader-ner-30-procent-i-sverige-under-2024\">30 percent decline in completed homes in Sweden in the previous year<\/a>.<\/p>\n\n\n<section  class=\"tebab-block-person_grid aligncenter layout-small\">\n    <div class=\"contained\">\n        <div class=\"grid\">\n            <div class=\"person-card\">\n    \n            <div class=\"featured_image\">\n            <img loading=\"lazy\" decoding=\"async\" width=\"150\" height=\"150\" src=\"https:\/\/www.applia-sverige.se\/wp-content\/uploads\/2024\/02\/Kent-Oderud_1_1_webb-150x150.png\" class=\"attachment-thumbnail size-thumbnail\" alt=\"\" srcset=\"https:\/\/www.applia-sverige.se\/wp-content\/uploads\/2024\/02\/Kent-Oderud_1_1_webb-150x150.png 150w, https:\/\/www.applia-sverige.se\/wp-content\/uploads\/2024\/02\/Kent-Oderud_1_1_webb-300x300.png 300w, https:\/\/www.applia-sverige.se\/wp-content\/uploads\/2024\/02\/Kent-Oderud_1_1_webb.png 675w\" sizes=\"auto, (max-width: 150px) 100vw, 150px\" \/>        <\/div>\n    \n    <div class=\"content-wrapper\">\n        <div class=\"top\">\n                            <div class=\"title\">\n                    APPLiA Sweden                <\/div>\n                    <\/div>\n        \n        <h3>Kent Oderud<\/h3>\n\n                    <div class=\"excerpt\">\n                President            <\/div>\n        \n        <div class=\"links\">\n            \n                            <a href=\"mailto:kent.oderud@applia-sverige.se\">\n                    <div class=\"icon icon-envelope\"><\/div> kent.oderud@applia-sverige.se                <\/a>\n                    <\/div>\n        \n    <\/div>\n<\/div>        <\/div>\n    <\/div>\n<\/section>","protected":false},"excerpt":{"rendered":"<p>Handelskrig og hvidevarer &#8211; Den \u00f6verskriften p\u00e5 klingande danska hittar vi i v\u00e5r systerorganisations \u2013 APPLiA Danmark \u2013 senaste nyhetsbrev d\u00e4r tullkrigets p\u00e5verkan p\u00e5 vitvarumarknaden kommenteras. H\u00e4r \u00e5terges artikeln av APPLiA-Danmarks direkt\u00f6r Henrik Egede, \u00f6versatt till svenska: \u201dV\u00e4rldsekonomin verkar ha f\u00e5tt sig en rej\u00e4l centrifugering i n\u00e5gon tv\u00e4tt-trumma sedan b\u00f6rjan av 2025! Kommer nu vitvaror, [&hellip;]<\/p>\n","protected":false},"author":8,"featured_media":1542093,"comment_status":"closed","ping_status":"closed","sticky":false,"template":"","format":"standard","meta":{"footnotes":""},"categories":[10],"tags":[],"class_list":["post-1542092","post","type-post","status-publish","format-standard","has-post-thumbnail","hentry","category-foreningsnyheter"],"acf":[],"_links":{"self":[{"href":"https:\/\/www.applia-sverige.se\/en\/wp-json\/wp\/v2\/posts\/1542092","targetHints":{"allow":["GET"]}}],"collection":[{"href":"https:\/\/www.applia-sverige.se\/en\/wp-json\/wp\/v2\/posts"}],"about":[{"href":"https:\/\/www.applia-sverige.se\/en\/wp-json\/wp\/v2\/types\/post"}],"author":[{"embeddable":true,"href":"https:\/\/www.applia-sverige.se\/en\/wp-json\/wp\/v2\/users\/8"}],"replies":[{"embeddable":true,"href":"https:\/\/www.applia-sverige.se\/en\/wp-json\/wp\/v2\/comments?post=1542092"}],"version-history":[{"count":3,"href":"https:\/\/www.applia-sverige.se\/en\/wp-json\/wp\/v2\/posts\/1542092\/revisions"}],"predecessor-version":[{"id":1542096,"href":"https:\/\/www.applia-sverige.se\/en\/wp-json\/wp\/v2\/posts\/1542092\/revisions\/1542096"}],"wp:featuredmedia":[{"embeddable":true,"href":"https:\/\/www.applia-sverige.se\/en\/wp-json\/wp\/v2\/media\/1542093"}],"wp:attachment":[{"href":"https:\/\/www.applia-sverige.se\/en\/wp-json\/wp\/v2\/media?parent=1542092"}],"wp:term":[{"taxonomy":"category","embeddable":true,"href":"https:\/\/www.applia-sverige.se\/en\/wp-json\/wp\/v2\/categories?post=1542092"},{"taxonomy":"post_tag","embeddable":true,"href":"https:\/\/www.applia-sverige.se\/en\/wp-json\/wp\/v2\/tags?post=1542092"}],"curies":[{"name":"wp","href":"https:\/\/api.w.org\/{rel}","templated":true}]}}