{"id":1542168,"date":"2025-08-21T15:18:37","date_gmt":"2025-08-21T15:18:37","guid":{"rendered":"https:\/\/www.applia-sverige.se\/?p=1542168"},"modified":"2025-08-21T15:20:26","modified_gmt":"2025-08-21T15:20:26","slug":"antligen-en-branschmanad-med-grona-siffror","status":"publish","type":"post","link":"https:\/\/www.applia-sverige.se\/en\/antligen-en-branschmanad-med-grona-siffror\/","title":{"rendered":"Finally an industry month with green numbers"},"content":{"rendered":"<p><strong>The June figures for the industry&#039;s sell-in values in Sweden show an improvement compared to the same month last year. However, the accumulated values (YTD) during the first half of the year still do not reach the corresponding half of 2024.<\/strong><\/p>\n\n\n\n<figure class=\"wp-block-image size-large\"><img loading=\"lazy\" decoding=\"async\" width=\"1024\" height=\"576\" src=\"https:\/\/www.applia-sverige.se\/wp-content\/uploads\/2025\/08\/Marknad_juni2025-1024x576.png\" alt=\"\" class=\"wp-image-1542170\" srcset=\"https:\/\/www.applia-sverige.se\/wp-content\/uploads\/2025\/08\/Marknad_juni2025-1024x576.png 1024w, https:\/\/www.applia-sverige.se\/wp-content\/uploads\/2025\/08\/Marknad_juni2025-300x169.png 300w, https:\/\/www.applia-sverige.se\/wp-content\/uploads\/2025\/08\/Marknad_juni2025-768x432.png 768w, https:\/\/www.applia-sverige.se\/wp-content\/uploads\/2025\/08\/Marknad_juni2025-1536x864.png 1536w, https:\/\/www.applia-sverige.se\/wp-content\/uploads\/2025\/08\/Marknad_juni2025.png 1600w\" sizes=\"auto, (max-width: 1024px) 100vw, 1024px\" \/><\/figure>\n\n\n<h2 class=\"wp-block-post-title\">Finally an industry month with green numbers<\/h2>\n\n\n<p>Looking back at the first half of the year, it is clear that the first three months were close to the previous year&#039;s level, but both April and May then pulled down the industry figures compared to 2024. Then positive figures came in June. This gives a half-year result that is 5.1 % over the same period last year.<\/p>\n\n\n\n<p>The reason for the decline compared to the previous half-year is the weak economic situation in Sweden, which looks set to persist. In June, most of SCB&#039;s indicators were in a kind of &#039;recessionary state&#039;. This includes the indicators for household consumption and retail trade in durable goods.<\/p>\n\n\n\n<figure class=\"wp-block-image size-large\"><img loading=\"lazy\" decoding=\"async\" width=\"1024\" height=\"576\" src=\"https:\/\/www.applia-sverige.se\/wp-content\/uploads\/2025\/08\/Marknad_juni2025_02-1024x576.png\" alt=\"\" class=\"wp-image-1542175\" srcset=\"https:\/\/www.applia-sverige.se\/wp-content\/uploads\/2025\/08\/Marknad_juni2025_02-1024x576.png 1024w, https:\/\/www.applia-sverige.se\/wp-content\/uploads\/2025\/08\/Marknad_juni2025_02-300x169.png 300w, https:\/\/www.applia-sverige.se\/wp-content\/uploads\/2025\/08\/Marknad_juni2025_02-768x432.png 768w, https:\/\/www.applia-sverige.se\/wp-content\/uploads\/2025\/08\/Marknad_juni2025_02-1536x864.png 1536w, https:\/\/www.applia-sverige.se\/wp-content\/uploads\/2025\/08\/Marknad_juni2025_02.png 1600w\" sizes=\"auto, (max-width: 1024px) 100vw, 1024px\" \/><\/figure>\n\n\n\n<h3 class=\"wp-block-heading\"><strong>Favorable for larger appliances<\/strong><\/h3>\n\n\n\n<p>For major domestic appliances (MDA), Appstat reports a positive monthly figure for June, up 6.9 percent. All product segments (except refrigeration products) show positive figures.<\/p>\n\n\n\n<p>This month we were also reached by the news that the use of the ROT deduction has increased sharply in recent months after the government on May 12 increased the ROT deduction from 30 to 50 percent. The desired effect was to boost the crisis-ridden construction industry, which has had tough years behind it. Last year, over 2,000 construction companies went bankrupt.&nbsp;<\/p>\n\n\n\n<h3 class=\"wp-block-heading\"><strong>The ROT deduction has an effect<\/strong><\/h3>\n\n\n\n<p>And it had a direct effect \u2013 already in May, ROT deductions increased by 16 percent and are expected to increase even more during the rest of the year. There will certainly be a \u201dROT rush\u201d in the autumn and just before the turn of the year, when the temporary increase in the ROT deduction ends. This will give positive signals to the sales of white goods in the renovation and modernization projects that will be carried out in villas and condominiums all over Sweden.&nbsp;<\/p>\n\n\n\n<h4 class=\"wp-block-heading\"><strong>The situation for household appliances (SDA) improves slightly<\/strong><\/h4>\n\n\n\n<p>For household appliances (SDA \u2013 Small Domestic Appliances), the first half of 2025 ended with a value outcome of minus 9 percent. June&#039;s cautiously positive outcome of +1.5 percent improved the accumulated figure slightly from last month&#039;s (May) minus 11 percent.<\/p>\n\n\n\n<p>Two product categories within the SDA segment that stand out positively during the first half of the year are a) kettles and b) kitchen appliances\/assistants, mainly with a capacity &lt;6 liters. The \u201dironing\u201d category has fared worse, accumulating a rather flat result of minus 13.9 percent for the first six months of this year.&nbsp;&nbsp;&nbsp;&nbsp;&nbsp; &nbsp;&nbsp;<\/p>\n\n\n<section  class=\"tebab-block-person_grid aligncenter layout-small\">\n    <div class=\"contained\">\n        <div class=\"grid\">\n            <div class=\"person-card\">\n    \n            <div class=\"featured_image\">\n            <img loading=\"lazy\" decoding=\"async\" width=\"150\" height=\"150\" src=\"https:\/\/www.applia-sverige.se\/wp-content\/uploads\/2024\/02\/Kent-Oderud_1_1_webb-150x150.png\" class=\"attachment-thumbnail size-thumbnail\" alt=\"\" srcset=\"https:\/\/www.applia-sverige.se\/wp-content\/uploads\/2024\/02\/Kent-Oderud_1_1_webb-150x150.png 150w, https:\/\/www.applia-sverige.se\/wp-content\/uploads\/2024\/02\/Kent-Oderud_1_1_webb-300x300.png 300w, https:\/\/www.applia-sverige.se\/wp-content\/uploads\/2024\/02\/Kent-Oderud_1_1_webb.png 675w\" sizes=\"auto, (max-width: 150px) 100vw, 150px\" \/>        <\/div>\n    \n    <div class=\"content-wrapper\">\n        <div class=\"top\">\n                            <div class=\"title\">\n                    APPLiA Sweden                <\/div>\n                    <\/div>\n        \n        <h3>Kent Oderud<\/h3>\n\n                    <div class=\"excerpt\">\n                President            <\/div>\n        \n        <div class=\"links\">\n            \n                            <a href=\"mailto:kent.oderud@applia-sverige.se\">\n                    <div class=\"icon icon-envelope\"><\/div> kent.oderud@applia-sverige.se                <\/a>\n                    <\/div>\n        \n    <\/div>\n<\/div>        <\/div>\n    <\/div>\n<\/section>","protected":false},"excerpt":{"rendered":"<p>Junisiffrorna f\u00f6r branschens sell-in v\u00e4rden i Sverige visar p\u00e5 en f\u00f6rb\u00e4ttring gentemot samma m\u00e5nad f\u00f6reg\u00e5ende \u00e5r. Men de ackumulerade v\u00e4rdena (YTD) under f\u00f6rsta halv\u00e5ret n\u00e5r \u00e4nd\u00e5 inte upp till motsvarande halv\u00e5r 2024. N\u00e4r vi ser tillbaka p\u00e5 det f\u00f6rsta halv\u00e5ret s\u00e5 \u00e4r det klart att de tre f\u00f6rsta m\u00e5naderna h\u00f6ll sig i n\u00e4rheten av f\u00f6reg\u00e5ende [&hellip;]<\/p>\n","protected":false},"author":8,"featured_media":1541225,"comment_status":"closed","ping_status":"closed","sticky":false,"template":"","format":"standard","meta":{"footnotes":""},"categories":[15],"tags":[],"class_list":["post-1542168","post","type-post","status-publish","format-standard","has-post-thumbnail","hentry","category-marknadsutveckling"],"acf":[],"_links":{"self":[{"href":"https:\/\/www.applia-sverige.se\/en\/wp-json\/wp\/v2\/posts\/1542168","targetHints":{"allow":["GET"]}}],"collection":[{"href":"https:\/\/www.applia-sverige.se\/en\/wp-json\/wp\/v2\/posts"}],"about":[{"href":"https:\/\/www.applia-sverige.se\/en\/wp-json\/wp\/v2\/types\/post"}],"author":[{"embeddable":true,"href":"https:\/\/www.applia-sverige.se\/en\/wp-json\/wp\/v2\/users\/8"}],"replies":[{"embeddable":true,"href":"https:\/\/www.applia-sverige.se\/en\/wp-json\/wp\/v2\/comments?post=1542168"}],"version-history":[{"count":5,"href":"https:\/\/www.applia-sverige.se\/en\/wp-json\/wp\/v2\/posts\/1542168\/revisions"}],"predecessor-version":[{"id":1542178,"href":"https:\/\/www.applia-sverige.se\/en\/wp-json\/wp\/v2\/posts\/1542168\/revisions\/1542178"}],"wp:featuredmedia":[{"embeddable":true,"href":"https:\/\/www.applia-sverige.se\/en\/wp-json\/wp\/v2\/media\/1541225"}],"wp:attachment":[{"href":"https:\/\/www.applia-sverige.se\/en\/wp-json\/wp\/v2\/media?parent=1542168"}],"wp:term":[{"taxonomy":"category","embeddable":true,"href":"https:\/\/www.applia-sverige.se\/en\/wp-json\/wp\/v2\/categories?post=1542168"},{"taxonomy":"post_tag","embeddable":true,"href":"https:\/\/www.applia-sverige.se\/en\/wp-json\/wp\/v2\/tags?post=1542168"}],"curies":[{"name":"wp","href":"https:\/\/api.w.org\/{rel}","templated":true}]}}