{"id":1542181,"date":"2025-08-27T11:39:14","date_gmt":"2025-08-27T11:39:14","guid":{"rendered":"https:\/\/www.applia-sverige.se\/?p=1542181"},"modified":"2025-08-27T11:39:14","modified_gmt":"2025-08-27T11:39:14","slug":"juli-en-spannande-branschmanad","status":"publish","type":"post","link":"https:\/\/www.applia-sverige.se\/en\/juli-en-spannande-branschmanad\/","title":{"rendered":"July \u2013 an exciting industry month"},"content":{"rendered":"<p><strong>As life&#039;s lot is distributed differently - as it is now in July - the larger appliances are having a July at the same level as in recent years, but for the smaller household appliances it looks significantly tougher. <\/strong><\/p>\n\n\n\n<figure class=\"wp-block-image size-large\"><img loading=\"lazy\" decoding=\"async\" width=\"1024\" height=\"576\" src=\"https:\/\/www.applia-sverige.se\/wp-content\/uploads\/2025\/08\/Marknad_juli2025_01-1024x576.png\" alt=\"\" class=\"wp-image-1542182\" srcset=\"https:\/\/www.applia-sverige.se\/wp-content\/uploads\/2025\/08\/Marknad_juli2025_01-1024x576.png 1024w, https:\/\/www.applia-sverige.se\/wp-content\/uploads\/2025\/08\/Marknad_juli2025_01-300x169.png 300w, https:\/\/www.applia-sverige.se\/wp-content\/uploads\/2025\/08\/Marknad_juli2025_01-768x432.png 768w, https:\/\/www.applia-sverige.se\/wp-content\/uploads\/2025\/08\/Marknad_juli2025_01-1536x864.png 1536w, https:\/\/www.applia-sverige.se\/wp-content\/uploads\/2025\/08\/Marknad_juli2025_01.png 1600w\" sizes=\"auto, (max-width: 1024px) 100vw, 1024px\" \/><\/figure>\n\n\n\n<p class=\"has-medium-font-size\"><strong>Is the market<\/strong><strong> Heading in the right direction?<\/strong><\/p>\n\n\n\n<p>While many Swedes are relaxing in the beautiful weather on beaches and summer cottages, many others are fixing things up at home. Many renovation and conversion projects are started during the summer \u2013 not least thanks to the greatly increased ROT deduction. These projects often include kitchens and appliances, and we also understand that many talented salespeople are working full-time in all the country&#039;s stores and temporarily forgoing the beach. Thank you to all of you in the country&#039;s stores!<\/p>\n\n\n\n<p>The value development for the overall industry in July 2025 is in line with the corresponding month in previous years (-0.5%). The development is mainly supported by the positive development of white goods (MDA).<\/p>\n\n\n\n<figure class=\"wp-block-image size-large\"><img loading=\"lazy\" decoding=\"async\" width=\"1024\" height=\"576\" src=\"https:\/\/www.applia-sverige.se\/wp-content\/uploads\/2025\/08\/Marknad_juli2025_02-1024x576.png\" alt=\"\" class=\"wp-image-1542183\" srcset=\"https:\/\/www.applia-sverige.se\/wp-content\/uploads\/2025\/08\/Marknad_juli2025_02-1024x576.png 1024w, https:\/\/www.applia-sverige.se\/wp-content\/uploads\/2025\/08\/Marknad_juli2025_02-300x169.png 300w, https:\/\/www.applia-sverige.se\/wp-content\/uploads\/2025\/08\/Marknad_juli2025_02-768x432.png 768w, https:\/\/www.applia-sverige.se\/wp-content\/uploads\/2025\/08\/Marknad_juli2025_02-1536x864.png 1536w, https:\/\/www.applia-sverige.se\/wp-content\/uploads\/2025\/08\/Marknad_juli2025_02.png 1600w\" sizes=\"auto, (max-width: 1024px) 100vw, 1024px\" \/><\/figure>\n\n\n\n<p class=\"has-medium-font-size\"><strong>Market development<\/strong><strong> fragmented<\/strong><\/p>\n\n\n\n<p>The development is different between the two major product segments. While major appliances (MDA) show the best July value figure in three years (plus 7.3 percent compared to 2024), sales of small household appliances (SDA) are not far from last year and are now 10 percent below the outcome so far this year.<\/p>\n\n\n\n<p class=\"has-medium-font-size\"><strong>Continued traction for white goods<\/strong><\/p>\n\n\n\n<p>White goods have been boosted by the expanded ROT deduction, the effect of which has been clear. A total of 316,674 people were approved for deductions in May and June this year. This is a significant increase compared to the same period last year, when the number was 267,978.<\/p>\n\n\n\n<p>At the trade organization Byggf\u00f6retagen, member companies have experienced increased pressure on inquiries and jobs after the ROT regulations were changed, and several companies are experiencing increased pressure on demand. This is also noticeable in the building materials trade and white goods trade.<\/p>\n\n\n\n<p class=\"has-medium-font-size\"><strong>Extend the new ROT rules<\/strong><\/p>\n\n\n\n<p>Since the new ROT regulations have proven to have a major effect on activity in construction-related industries, should there be an extension of the expanded ROT regulations after the end of the year? This would be important for activity and employment in construction-related industries and good for the Swedish economy.<\/p>\n\n\n<section  class=\"tebab-block-person_grid aligncenter layout-small\">\n    <div class=\"contained\">\n        <div class=\"grid\">\n            <div class=\"person-card\">\n    \n            <div class=\"featured_image\">\n            <img loading=\"lazy\" decoding=\"async\" width=\"150\" height=\"150\" src=\"https:\/\/www.applia-sverige.se\/wp-content\/uploads\/2024\/02\/Kent-Oderud_1_1_webb-150x150.png\" class=\"attachment-thumbnail size-thumbnail\" alt=\"\" srcset=\"https:\/\/www.applia-sverige.se\/wp-content\/uploads\/2024\/02\/Kent-Oderud_1_1_webb-150x150.png 150w, https:\/\/www.applia-sverige.se\/wp-content\/uploads\/2024\/02\/Kent-Oderud_1_1_webb-300x300.png 300w, https:\/\/www.applia-sverige.se\/wp-content\/uploads\/2024\/02\/Kent-Oderud_1_1_webb.png 675w\" sizes=\"auto, (max-width: 150px) 100vw, 150px\" \/>        <\/div>\n    \n    <div class=\"content-wrapper\">\n        <div class=\"top\">\n                            <div class=\"title\">\n                    APPLiA Sweden                <\/div>\n                    <\/div>\n        \n        <h3>Kent Oderud<\/h3>\n\n                    <div class=\"excerpt\">\n                President            <\/div>\n        \n        <div class=\"links\">\n            \n                            <a href=\"mailto:kent.oderud@applia-sverige.se\">\n                    <div class=\"icon icon-envelope\"><\/div> kent.oderud@applia-sverige.se                <\/a>\n                    <\/div>\n        \n    <\/div>\n<\/div>        <\/div>\n    <\/div>\n<\/section>","protected":false},"excerpt":{"rendered":"<p>S\u00e5 olika livets lotter f\u00f6rdelas \u2013 som nu i juli \u2013 de st\u00f6rre vitvarorna g\u00f6r en juli i samma niv\u00e5 som de senaste \u00e5ren men f\u00f6r de mindre hush\u00e5llsapparaterna ser det betydligt tuffare ut. \u00c4r marknaden p\u00e5 v\u00e4g \u00e5t r\u00e4tt h\u00e5ll? N\u00e4r m\u00e5nga svenskar vilar ut i det vackra v\u00e4dret p\u00e5 badstr\u00e4nder och sommarstugor s\u00e5 [&hellip;]<\/p>\n","protected":false},"author":8,"featured_media":1541225,"comment_status":"closed","ping_status":"closed","sticky":false,"template":"","format":"standard","meta":{"footnotes":""},"categories":[15],"tags":[],"class_list":["post-1542181","post","type-post","status-publish","format-standard","has-post-thumbnail","hentry","category-marknadsutveckling"],"acf":[],"_links":{"self":[{"href":"https:\/\/www.applia-sverige.se\/en\/wp-json\/wp\/v2\/posts\/1542181","targetHints":{"allow":["GET"]}}],"collection":[{"href":"https:\/\/www.applia-sverige.se\/en\/wp-json\/wp\/v2\/posts"}],"about":[{"href":"https:\/\/www.applia-sverige.se\/en\/wp-json\/wp\/v2\/types\/post"}],"author":[{"embeddable":true,"href":"https:\/\/www.applia-sverige.se\/en\/wp-json\/wp\/v2\/users\/8"}],"replies":[{"embeddable":true,"href":"https:\/\/www.applia-sverige.se\/en\/wp-json\/wp\/v2\/comments?post=1542181"}],"version-history":[{"count":2,"href":"https:\/\/www.applia-sverige.se\/en\/wp-json\/wp\/v2\/posts\/1542181\/revisions"}],"predecessor-version":[{"id":1542185,"href":"https:\/\/www.applia-sverige.se\/en\/wp-json\/wp\/v2\/posts\/1542181\/revisions\/1542185"}],"wp:featuredmedia":[{"embeddable":true,"href":"https:\/\/www.applia-sverige.se\/en\/wp-json\/wp\/v2\/media\/1541225"}],"wp:attachment":[{"href":"https:\/\/www.applia-sverige.se\/en\/wp-json\/wp\/v2\/media?parent=1542181"}],"wp:term":[{"taxonomy":"category","embeddable":true,"href":"https:\/\/www.applia-sverige.se\/en\/wp-json\/wp\/v2\/categories?post=1542181"},{"taxonomy":"post_tag","embeddable":true,"href":"https:\/\/www.applia-sverige.se\/en\/wp-json\/wp\/v2\/tags?post=1542181"}],"curies":[{"name":"wp","href":"https:\/\/api.w.org\/{rel}","templated":true}]}}