{"id":1542203,"date":"2025-09-15T08:27:01","date_gmt":"2025-09-15T08:27:01","guid":{"rendered":"https:\/\/www.applia-sverige.se\/?p=1542203"},"modified":"2025-09-15T08:29:24","modified_gmt":"2025-09-15T08:29:24","slug":"vitvaror-beskattas-extra-i-sverige","status":"publish","type":"post","link":"https:\/\/www.applia-sverige.se\/en\/vitvaror-beskattas-extra-i-sverige\/","title":{"rendered":"White goods are taxed extra in Sweden"},"content":{"rendered":"<p><strong>What are modern white goods made of? This is a question that is asked \u2013 not least for recycling reasons and as pure consumer information, but also by the Swedish Tax Agency.<\/strong><\/p>\n\n\n\n<p>Since 2017, white goods have been taxed extra in Sweden with the so-called electronics tax of over 12 SEK per kilogram measured on the weight of the entire product.<\/p>\n\n\n\n<p>The dishwasher weighing around 45 kg thus costs 685 SEK more for the consumer in Sweden than in our neighboring countries due to this Swedish tax (which is also subject to VAT). Since the introduction of the electronics tax, Swedish consumers have been taxed with up to 15 billion SEK \u2013 without the tax&#039;s original objective being met.<\/p>\n\n\n\n<figure class=\"wp-block-image size-full is-resized\"><img loading=\"lazy\" decoding=\"async\" width=\"456\" height=\"302\" src=\"https:\/\/www.applia-sverige.se\/wp-content\/uploads\/2025\/09\/app-01.png\" alt=\"\" class=\"wp-image-1542207\" style=\"width:400px\" srcset=\"https:\/\/www.applia-sverige.se\/wp-content\/uploads\/2025\/09\/app-01.png 456w, https:\/\/www.applia-sverige.se\/wp-content\/uploads\/2025\/09\/app-01-300x199.png 300w\" sizes=\"auto, (max-width: 456px) 100vw, 456px\" \/><\/figure>\n\n\n\n<p class=\"has-small-font-size\"><em>Source: Swedish Tax Agency<\/em><\/p>\n\n\n\n<p>The tax is justified by the fact that white goods contain one or more electronic boards, which must be flame-retardant according to regulations in order not to cause fires in households worldwide. These flame retardants are not prohibited under EU regulations, but are nevertheless taxed in Sweden in the belief that this could lead to a substitution of specific chemical agents with flame-retardant properties.<\/p>\n\n\n\n<p class=\"has-medium-font-size\"><strong>What materials do we find in modern appliances?<\/strong><\/p>\n\n\n\n<p>The amount of individual materials in modern white goods can vary considerably depending on the type of white good \u2013 for example, a washing machine, refrigerator, stove or oven \u2013 and its specific design. On average, across all types of white goods, steel is the most dominant component, followed by plastic, stainless steel and glass.<\/p>\n\n\n\n<figure class=\"wp-block-image size-full is-resized\"><img loading=\"lazy\" decoding=\"async\" width=\"606\" height=\"512\" src=\"https:\/\/www.applia-sverige.se\/wp-content\/uploads\/2025\/09\/app-02.png\" alt=\"\" class=\"wp-image-1542206\" style=\"width:600px\" srcset=\"https:\/\/www.applia-sverige.se\/wp-content\/uploads\/2025\/09\/app-02.png 606w, https:\/\/www.applia-sverige.se\/wp-content\/uploads\/2025\/09\/app-02-300x253.png 300w\" sizes=\"auto, (max-width: 606px) 100vw, 606px\" \/><\/figure>\n\n\n\n<p class=\"has-medium-font-size\"><strong>The proportion of electronics is vanishingly small<\/strong><\/p>\n\n\n\n<p>The electronic content (\u201delectronics\u201d in the diagram) only makes up a tiny fraction of the material content in modern white goods. Barely 2 percent! Yet, white goods are \u201dtaxed\u201d on electronics based on their total weight at 12.33 SEK per kilo by the Swedish tax system. This results in a substantial increase in the cost of purchasing energy-efficient white goods for the home, but also on all other home electronics such as mobile phones, TVs, computer monitors, game consoles and PCs, which are purchased in large quantities by schools and private individuals. All the while foreign e-commerce \u2013 a click away for us Swedes \u2013 rubs its hands and evades the tax.\u00a0 \u00a0\u00a0<\/p>\n\n\n\n<p class=\"has-medium-font-size\"><strong>Tax by weight \u2013 no problem!<\/strong><\/p>\n\n\n\n<p>The electronics tax is being heavily criticized by, among others, authorities, experts\/professors, the trade and many industry representatives. The fact that the tax is levied on the entire weight of the product \u2013 including all parts, which are actually desirable resources such as recycled materials, e.g. the steel in the refrigerator, the copper in electric motors, the plastic in the vacuum cleaner \u2013 does not really make sense at all.<\/p>\n\n\n\n<p>Time to do a workshop, best politician! &nbsp;<\/p>\n\n\n\n<p>APPLiA is trying hard to get our Swedish politicians to back down from all their statements about how bad this tax is for Sweden&#039;s competitiveness in trade, for consumers&#039; finances and for the heavy tax administration for companies, which leads to substantial increases in costs!<\/p>\n\n\n\n<p>It&#039;s time to take action now by immediately abolishing this ineffective tax, which has had no demonstrable positive impact on the environment!<\/p>\n\n\n<section  class=\"tebab-block-person_grid aligncenter layout-small\">\n    <div class=\"contained\">\n        <div class=\"grid\">\n            <div class=\"person-card\">\n    \n            <div class=\"featured_image\">\n            <img loading=\"lazy\" decoding=\"async\" width=\"150\" height=\"150\" src=\"https:\/\/www.applia-sverige.se\/wp-content\/uploads\/2024\/02\/Kent-Oderud_1_1_webb-150x150.png\" class=\"attachment-thumbnail size-thumbnail\" alt=\"\" srcset=\"https:\/\/www.applia-sverige.se\/wp-content\/uploads\/2024\/02\/Kent-Oderud_1_1_webb-150x150.png 150w, https:\/\/www.applia-sverige.se\/wp-content\/uploads\/2024\/02\/Kent-Oderud_1_1_webb-300x300.png 300w, https:\/\/www.applia-sverige.se\/wp-content\/uploads\/2024\/02\/Kent-Oderud_1_1_webb.png 675w\" sizes=\"auto, (max-width: 150px) 100vw, 150px\" \/>        <\/div>\n    \n    <div class=\"content-wrapper\">\n        <div class=\"top\">\n                            <div class=\"title\">\n                    APPLiA Sweden                <\/div>\n                    <\/div>\n        \n        <h3>Kent Oderud<\/h3>\n\n                    <div class=\"excerpt\">\n                President            <\/div>\n        \n        <div class=\"links\">\n            \n                            <a href=\"mailto:kent.oderud@applia-sverige.se\">\n                    <div class=\"icon icon-envelope\"><\/div> kent.oderud@applia-sverige.se                <\/a>\n                    <\/div>\n        \n    <\/div>\n<\/div>        <\/div>\n    <\/div>\n<\/section>","protected":false},"excerpt":{"rendered":"<p>Vad \u00e4r moderna vitvaror gjorda av \u00e4r en fr\u00e5ga som st\u00e4lls \u2013 inte minst av \u00e5tervinningssk\u00e4l och som ren konsumentupplysning men ocks\u00e5 av till det svenska Skatteverket. Sedan 2017 beskattas n\u00e4mligen vitvaror extra i Sverige med den s.k. elektronikskatten med \u00f6ver 12 kr per kilo m\u00e4tt p\u00e5 hela produktens vikt. Diskmaskinen som v\u00e4ger runt 45 [&hellip;]<\/p>\n","protected":false},"author":8,"featured_media":0,"comment_status":"closed","ping_status":"closed","sticky":false,"template":"","format":"standard","meta":{"footnotes":""},"categories":[9],"tags":[],"class_list":["post-1542203","post","type-post","status-publish","format-standard","hentry","category-elektronikskatten"],"acf":[],"_links":{"self":[{"href":"https:\/\/www.applia-sverige.se\/en\/wp-json\/wp\/v2\/posts\/1542203","targetHints":{"allow":["GET"]}}],"collection":[{"href":"https:\/\/www.applia-sverige.se\/en\/wp-json\/wp\/v2\/posts"}],"about":[{"href":"https:\/\/www.applia-sverige.se\/en\/wp-json\/wp\/v2\/types\/post"}],"author":[{"embeddable":true,"href":"https:\/\/www.applia-sverige.se\/en\/wp-json\/wp\/v2\/users\/8"}],"replies":[{"embeddable":true,"href":"https:\/\/www.applia-sverige.se\/en\/wp-json\/wp\/v2\/comments?post=1542203"}],"version-history":[{"count":4,"href":"https:\/\/www.applia-sverige.se\/en\/wp-json\/wp\/v2\/posts\/1542203\/revisions"}],"predecessor-version":[{"id":1542209,"href":"https:\/\/www.applia-sverige.se\/en\/wp-json\/wp\/v2\/posts\/1542203\/revisions\/1542209"}],"wp:attachment":[{"href":"https:\/\/www.applia-sverige.se\/en\/wp-json\/wp\/v2\/media?parent=1542203"}],"wp:term":[{"taxonomy":"category","embeddable":true,"href":"https:\/\/www.applia-sverige.se\/en\/wp-json\/wp\/v2\/categories?post=1542203"},{"taxonomy":"post_tag","embeddable":true,"href":"https:\/\/www.applia-sverige.se\/en\/wp-json\/wp\/v2\/tags?post=1542203"}],"curies":[{"name":"wp","href":"https:\/\/api.w.org\/{rel}","templated":true}]}}