{"id":1542276,"date":"2025-10-20T07:45:54","date_gmt":"2025-10-20T07:45:54","guid":{"rendered":"https:\/\/www.applia-sverige.se\/?p=1542276"},"modified":"2025-10-20T07:45:54","modified_gmt":"2025-10-20T07:45:54","slug":"branschen-annu-inte-i-niva-med-fjolaret","status":"publish","type":"post","link":"https:\/\/www.applia-sverige.se\/en\/branschen-annu-inte-i-niva-med-fjolaret\/","title":{"rendered":"The industry is not yet at the same level as last year"},"content":{"rendered":"<p><strong>September was the month with the highest turnover in 2025 for companies in the industry so far, but still not quite reaching last year&#039;s level. \u00a0\u00a0<\/strong><\/p>\n\n\n\n<figure class=\"wp-block-image size-large\"><img loading=\"lazy\" decoding=\"async\" width=\"1024\" height=\"576\" src=\"https:\/\/www.applia-sverige.se\/wp-content\/uploads\/2025\/10\/Applia-marknad-sept01-1024x576.png\" alt=\"\" class=\"wp-image-1542279\" srcset=\"https:\/\/www.applia-sverige.se\/wp-content\/uploads\/2025\/10\/Applia-marknad-sept01-1024x576.png 1024w, https:\/\/www.applia-sverige.se\/wp-content\/uploads\/2025\/10\/Applia-marknad-sept01-300x169.png 300w, https:\/\/www.applia-sverige.se\/wp-content\/uploads\/2025\/10\/Applia-marknad-sept01-768x432.png 768w, https:\/\/www.applia-sverige.se\/wp-content\/uploads\/2025\/10\/Applia-marknad-sept01-1536x864.png 1536w, https:\/\/www.applia-sverige.se\/wp-content\/uploads\/2025\/10\/Applia-marknad-sept01.png 1600w\" sizes=\"auto, (max-width: 1024px) 100vw, 1024px\" \/><\/figure>\n\n\n\n<p class=\"has-medium-font-size\"><strong>Better momentum in the market but last year still not reached<\/strong><\/p>\n\n\n\n<p>Three quarters of 2025 are now history and there are still a few percentage points missing from last year&#039;s outcome (-3.2 % in value terms). This corresponds to a 4.2 percent decline in volume (not in the graph above).<\/p>\n\n\n\n<p>In 2025, it is clear that sustainability can no longer just be a competitive advantage \u2013 it is now a requirement. Consumers in Sweden are very environmentally conscious and prioritize energy-efficient appliances. The increased consumer interest is driving manufacturers to develop products with lower energy consumption, recyclable materials and longer durability. Circular economy and the ability to repair and upgrade appliances have become important factors in purchasing decisions.<\/p>\n\n\n\n<figure class=\"wp-block-image size-large\"><img loading=\"lazy\" decoding=\"async\" width=\"1024\" height=\"576\" src=\"https:\/\/www.applia-sverige.se\/wp-content\/uploads\/2025\/10\/Applia-marknad-sept02-1024x576.png\" alt=\"\" class=\"wp-image-1542278\" srcset=\"https:\/\/www.applia-sverige.se\/wp-content\/uploads\/2025\/10\/Applia-marknad-sept02-1024x576.png 1024w, https:\/\/www.applia-sverige.se\/wp-content\/uploads\/2025\/10\/Applia-marknad-sept02-300x169.png 300w, https:\/\/www.applia-sverige.se\/wp-content\/uploads\/2025\/10\/Applia-marknad-sept02-768x432.png 768w, https:\/\/www.applia-sverige.se\/wp-content\/uploads\/2025\/10\/Applia-marknad-sept02-1536x864.png 1536w, https:\/\/www.applia-sverige.se\/wp-content\/uploads\/2025\/10\/Applia-marknad-sept02.png 1600w\" sizes=\"auto, (max-width: 1024px) 100vw, 1024px\" \/><\/figure>\n\n\n\n<p class=\"has-medium-font-size\"><strong>The appliances are included\u2026<\/strong><\/p>\n\n\n\n<p>For major appliances (MDA), the value development so far this year is almost on par with last year (-0.2 %). In terms of volume, the development is even marginally better than last year (+0.2 % \u2013 not in the chart above).<\/p>\n\n\n\n<p>Now the final sprint awaits the temporary increase in the ROT grant until the end of the year, when the conditions for the grant return to what was valid previously. This will provide temporary positive impulses to market development during the fourth quarter of this year through a larger number of kitchen and laundry renovations.<\/p>\n\n\n\n<p class=\"has-medium-font-size\"><strong>Household appliances continue to lose value<\/strong><\/p>\n\n\n\n<p>After a really weak August, the market for small household appliances (SDA) recovered somewhat during September, but is essentially well behind last year (-11.3 %) in value terms and we can now hope for good sales for the autumn&#039;s big campaigns with &quot;Black month\/week\/Thursday&quot;.<\/p>\n\n\n<section  class=\"tebab-block-person_grid aligncenter layout-small\">\n    <div class=\"contained\">\n        <div class=\"grid\">\n            <div class=\"person-card\">\n    \n            <div class=\"featured_image\">\n            <img loading=\"lazy\" decoding=\"async\" width=\"150\" height=\"150\" src=\"https:\/\/www.applia-sverige.se\/wp-content\/uploads\/2024\/02\/Kent-Oderud_1_1_webb-150x150.png\" class=\"attachment-thumbnail size-thumbnail\" alt=\"\" srcset=\"https:\/\/www.applia-sverige.se\/wp-content\/uploads\/2024\/02\/Kent-Oderud_1_1_webb-150x150.png 150w, https:\/\/www.applia-sverige.se\/wp-content\/uploads\/2024\/02\/Kent-Oderud_1_1_webb-300x300.png 300w, https:\/\/www.applia-sverige.se\/wp-content\/uploads\/2024\/02\/Kent-Oderud_1_1_webb.png 675w\" sizes=\"auto, (max-width: 150px) 100vw, 150px\" \/>        <\/div>\n    \n    <div class=\"content-wrapper\">\n        <div class=\"top\">\n                            <div class=\"title\">\n                    APPLiA Sweden                <\/div>\n                    <\/div>\n        \n        <h3>Kent Oderud<\/h3>\n\n                    <div class=\"excerpt\">\n                President            <\/div>\n        \n        <div class=\"links\">\n            \n                            <a href=\"mailto:kent.oderud@applia-sverige.se\">\n                    <div class=\"icon icon-envelope\"><\/div> kent.oderud@applia-sverige.se                <\/a>\n                    <\/div>\n        \n    <\/div>\n<\/div>        <\/div>\n    <\/div>\n<\/section>","protected":false},"excerpt":{"rendered":"<p>September var den hittills oms\u00e4ttningsstarkaste m\u00e5naden under 2025 f\u00f6r branschens f\u00f6retag, men \u00e4nd\u00e5 s\u00e5 n\u00e5s inte fjol\u00e5rets niv\u00e5 riktigt. \u00a0\u00a0 B\u00e4ttre fart p\u00e5 marknaden men fjol\u00e5ret n\u00e5s \u00e4nd\u00e5 inte Tre kvartal av 2025 har nu blivit historia och fortfarande saknas n\u00e5gra procentenheter upp till fjol\u00e5rets utfall (-3,2 % v\u00e4rdem\u00e4ssigt). Detta motsvaras av en 4,2-procenting nedg\u00e5ng [&hellip;]<\/p>\n","protected":false},"author":8,"featured_media":1541225,"comment_status":"closed","ping_status":"closed","sticky":false,"template":"","format":"standard","meta":{"footnotes":""},"categories":[15],"tags":[],"class_list":["post-1542276","post","type-post","status-publish","format-standard","has-post-thumbnail","hentry","category-marknadsutveckling"],"acf":[],"_links":{"self":[{"href":"https:\/\/www.applia-sverige.se\/en\/wp-json\/wp\/v2\/posts\/1542276","targetHints":{"allow":["GET"]}}],"collection":[{"href":"https:\/\/www.applia-sverige.se\/en\/wp-json\/wp\/v2\/posts"}],"about":[{"href":"https:\/\/www.applia-sverige.se\/en\/wp-json\/wp\/v2\/types\/post"}],"author":[{"embeddable":true,"href":"https:\/\/www.applia-sverige.se\/en\/wp-json\/wp\/v2\/users\/8"}],"replies":[{"embeddable":true,"href":"https:\/\/www.applia-sverige.se\/en\/wp-json\/wp\/v2\/comments?post=1542276"}],"version-history":[{"count":4,"href":"https:\/\/www.applia-sverige.se\/en\/wp-json\/wp\/v2\/posts\/1542276\/revisions"}],"predecessor-version":[{"id":1542282,"href":"https:\/\/www.applia-sverige.se\/en\/wp-json\/wp\/v2\/posts\/1542276\/revisions\/1542282"}],"wp:featuredmedia":[{"embeddable":true,"href":"https:\/\/www.applia-sverige.se\/en\/wp-json\/wp\/v2\/media\/1541225"}],"wp:attachment":[{"href":"https:\/\/www.applia-sverige.se\/en\/wp-json\/wp\/v2\/media?parent=1542276"}],"wp:term":[{"taxonomy":"category","embeddable":true,"href":"https:\/\/www.applia-sverige.se\/en\/wp-json\/wp\/v2\/categories?post=1542276"},{"taxonomy":"post_tag","embeddable":true,"href":"https:\/\/www.applia-sverige.se\/en\/wp-json\/wp\/v2\/tags?post=1542276"}],"curies":[{"name":"wp","href":"https:\/\/api.w.org\/{rel}","templated":true}]}}