{"id":1542369,"date":"2025-11-28T13:54:26","date_gmt":"2025-11-28T13:54:26","guid":{"rendered":"https:\/\/www.applia-sverige.se\/?p=1542369"},"modified":"2025-11-28T13:54:26","modified_gmt":"2025-11-28T13:54:26","slug":"oktober-uppladdning-infor-jul-och-black-week","status":"publish","type":"post","link":"https:\/\/www.applia-sverige.se\/en\/oktober-uppladdning-infor-jul-och-black-week\/","title":{"rendered":"October \u2013 recharging for Christmas and Black Week"},"content":{"rendered":"<p><strong>Smaller household appliances provide hope for the super months that remain in the year, including Black Week and the Christmas shopping season, while white goods are falling compared to last year. This is despite good signals from the building materials trade and construction operations about increased activity around housing production and renovations.<\/strong><\/p>\n\n\n\n<figure class=\"wp-block-image size-large\"><img loading=\"lazy\" decoding=\"async\" width=\"1024\" height=\"576\" src=\"https:\/\/www.applia-sverige.se\/wp-content\/uploads\/2025\/11\/Marknad-okt01-1024x576.png\" alt=\"\" class=\"wp-image-1542370\" srcset=\"https:\/\/www.applia-sverige.se\/wp-content\/uploads\/2025\/11\/Marknad-okt01-1024x576.png 1024w, https:\/\/www.applia-sverige.se\/wp-content\/uploads\/2025\/11\/Marknad-okt01-300x169.png 300w, https:\/\/www.applia-sverige.se\/wp-content\/uploads\/2025\/11\/Marknad-okt01-768x432.png 768w, https:\/\/www.applia-sverige.se\/wp-content\/uploads\/2025\/11\/Marknad-okt01-1536x864.png 1536w, https:\/\/www.applia-sverige.se\/wp-content\/uploads\/2025\/11\/Marknad-okt01-18x10.png 18w, https:\/\/www.applia-sverige.se\/wp-content\/uploads\/2025\/11\/Marknad-okt01.png 1600w\" sizes=\"auto, (max-width: 1024px) 100vw, 1024px\" \/><\/figure>\n\n\n\n<p class=\"has-medium-font-size\"><strong>The APPLiA market is barely behind last year<\/strong><\/p>\n\n\n\n<p>When SDA (household appliances) and MDA (major appliances) are combined, there is some loss of value compared to the previous year \u2013 now minus 3 percent after ten months. Compared to 2023, however, the first ten months look much worse. Then the market value is a full 13 percent lower in comparison. So now it starts to feel like it&#039;s high time to welcome a recovery for 2026.<\/p>\n\n\n\n<figure class=\"wp-block-image size-large\"><img loading=\"lazy\" decoding=\"async\" width=\"1024\" height=\"576\" src=\"https:\/\/www.applia-sverige.se\/wp-content\/uploads\/2025\/11\/Marknad-okt02-1024x576.png\" alt=\"\" class=\"wp-image-1542371\" srcset=\"https:\/\/www.applia-sverige.se\/wp-content\/uploads\/2025\/11\/Marknad-okt02-1024x576.png 1024w, https:\/\/www.applia-sverige.se\/wp-content\/uploads\/2025\/11\/Marknad-okt02-300x169.png 300w, https:\/\/www.applia-sverige.se\/wp-content\/uploads\/2025\/11\/Marknad-okt02-768x432.png 768w, https:\/\/www.applia-sverige.se\/wp-content\/uploads\/2025\/11\/Marknad-okt02-1536x864.png 1536w, https:\/\/www.applia-sverige.se\/wp-content\/uploads\/2025\/11\/Marknad-okt02-18x10.png 18w, https:\/\/www.applia-sverige.se\/wp-content\/uploads\/2025\/11\/Marknad-okt02.png 1600w\" sizes=\"auto, (max-width: 1024px) 100vw, 1024px\" \/><\/figure>\n\n\n\n<p class=\"has-medium-font-size\"><strong>SDA gave the green light in October<\/strong><\/p>\n\n\n\n<p>In the sales month for Black Week, the product segment &quot;Kitchen appliances&quot; within SDA, including the categories kitchen machines\/assistants, mixers\/juicers, coffee machines and water heaters, etc., showed a strong recovery in October. Vacuum cleaners also helped to achieve a long-awaited plus month with plus 10.1 percent. However, accumulated sales are still a long way from last year&#039;s figures (-8.7%).<\/p>\n\n\n\n<p class=\"has-medium-font-size\"><strong>Heavier for white goods<\/strong><\/p>\n\n\n\n<p>For white goods (MDA), October this year is the heaviest month in terms of sales for companies in the industry to date. But it was not enough to get on par with last year. There is still just under a percent short of being on par with last year&#039;s accumulated outcome as of October. The hopes that the final spurt with the increased ROT deduction before the turn of the year would have resulted in a greater exchange rate have not yet been fulfilled.&nbsp;<\/p>\n\n\n\n<p>There is now hope for a better development in housing production going forward. Signs of this are in the Swedish National Board of Housing, Building and Planning&#039;s latest report for the first three quarters of the year. This shows 22,200 apartments started in Sweden compared to 20,511 during the same period in 2024. This is an increase of 8 percent.&nbsp;&nbsp;&nbsp;<\/p>\n\n\n<section  class=\"tebab-block-person_grid aligncenter layout-small\">\n    <div class=\"contained\">\n        <div class=\"grid\">\n            <div class=\"person-card\">\n    \n            <div class=\"featured_image\">\n            <img loading=\"lazy\" decoding=\"async\" width=\"150\" height=\"150\" src=\"https:\/\/www.applia-sverige.se\/wp-content\/uploads\/2024\/02\/Kent-Oderud_1_1_webb-150x150.png\" class=\"attachment-thumbnail size-thumbnail\" alt=\"\" srcset=\"https:\/\/www.applia-sverige.se\/wp-content\/uploads\/2024\/02\/Kent-Oderud_1_1_webb-150x150.png 150w, https:\/\/www.applia-sverige.se\/wp-content\/uploads\/2024\/02\/Kent-Oderud_1_1_webb-300x300.png 300w, https:\/\/www.applia-sverige.se\/wp-content\/uploads\/2024\/02\/Kent-Oderud_1_1_webb.png 675w\" sizes=\"auto, (max-width: 150px) 100vw, 150px\" \/>        <\/div>\n    \n    <div class=\"content-wrapper\">\n        <div class=\"top\">\n                            <div class=\"title\">\n                    APPLiA Sweden                <\/div>\n                    <\/div>\n        \n        <h3>Kent Oderud<\/h3>\n\n                    <div class=\"excerpt\">\n                President            <\/div>\n        \n        <div class=\"links\">\n            \n                            <a href=\"mailto:kent.oderud@applia-sverige.se\">\n                    <div class=\"icon icon-envelope\"><\/div> kent.oderud@applia-sverige.se                <\/a>\n                    <\/div>\n        \n    <\/div>\n<\/div>        <\/div>\n    <\/div>\n<\/section>","protected":false},"excerpt":{"rendered":"<p>De mindre hush\u00e5llsapparaterna ger hopp inf\u00f6r de superm\u00e5nader inneh\u00e5llande b\u00e5de Black Week och julhandeln som \u00e4r kvar p\u00e5 \u00e5ret, medan vitvarorna tappar gentemot f\u00f6rra \u00e5ret. Detta trots goda signaler fr\u00e5n byggvaruhandeln och byggverksamheten om \u00f6kad aktivitet kring bostadsproduktion och bostadsrenoveringar. APPLiA-marknaden ligger knappt efter fjol\u00e5ret Sammanr\u00e4knat SDA (hush\u00e5llsapparater) och MDA (vitvaror) s\u00e5 fattas en del [&hellip;]<\/p>\n","protected":false},"author":8,"featured_media":1541225,"comment_status":"closed","ping_status":"closed","sticky":false,"template":"","format":"standard","meta":{"footnotes":""},"categories":[15],"tags":[],"class_list":["post-1542369","post","type-post","status-publish","format-standard","has-post-thumbnail","hentry","category-marknadsutveckling"],"acf":[],"_links":{"self":[{"href":"https:\/\/www.applia-sverige.se\/en\/wp-json\/wp\/v2\/posts\/1542369","targetHints":{"allow":["GET"]}}],"collection":[{"href":"https:\/\/www.applia-sverige.se\/en\/wp-json\/wp\/v2\/posts"}],"about":[{"href":"https:\/\/www.applia-sverige.se\/en\/wp-json\/wp\/v2\/types\/post"}],"author":[{"embeddable":true,"href":"https:\/\/www.applia-sverige.se\/en\/wp-json\/wp\/v2\/users\/8"}],"replies":[{"embeddable":true,"href":"https:\/\/www.applia-sverige.se\/en\/wp-json\/wp\/v2\/comments?post=1542369"}],"version-history":[{"count":1,"href":"https:\/\/www.applia-sverige.se\/en\/wp-json\/wp\/v2\/posts\/1542369\/revisions"}],"predecessor-version":[{"id":1542372,"href":"https:\/\/www.applia-sverige.se\/en\/wp-json\/wp\/v2\/posts\/1542369\/revisions\/1542372"}],"wp:featuredmedia":[{"embeddable":true,"href":"https:\/\/www.applia-sverige.se\/en\/wp-json\/wp\/v2\/media\/1541225"}],"wp:attachment":[{"href":"https:\/\/www.applia-sverige.se\/en\/wp-json\/wp\/v2\/media?parent=1542369"}],"wp:term":[{"taxonomy":"category","embeddable":true,"href":"https:\/\/www.applia-sverige.se\/en\/wp-json\/wp\/v2\/categories?post=1542369"},{"taxonomy":"post_tag","embeddable":true,"href":"https:\/\/www.applia-sverige.se\/en\/wp-json\/wp\/v2\/tags?post=1542369"}],"curies":[{"name":"wp","href":"https:\/\/api.w.org\/{rel}","templated":true}]}}