{"id":1542599,"date":"2026-04-27T09:11:34","date_gmt":"2026-04-27T08:11:34","guid":{"rendered":"https:\/\/www.applia-sverige.se\/?p=1542599"},"modified":"2026-04-27T09:11:34","modified_gmt":"2026-04-27T08:11:34","slug":"mattsvart-pa-nordbygg-massan","status":"publish","type":"post","link":"https:\/\/www.applia-sverige.se\/en\/mattsvart-pa-nordbygg-massan\/","title":{"rendered":"Matte black at the Nordbygg fair!"},"content":{"rendered":"<p>A visit to the white goods stands at the Nordbygg fair at the Stockholm International Fairs shows that black is increasingly dominating white goods. The range of black white goods is already extensive and has become a popular alternative to traditional white and stainless steel. Now the trend has moved on to a modern matt black finish on refrigerators, freezers, ovens and hobs.<\/p>\n\n\n\n<figure class=\"wp-block-image size-full is-style-rounded\"><img loading=\"lazy\" decoding=\"async\" width=\"740\" height=\"430\" src=\"https:\/\/www.applia-sverige.se\/wp-content\/uploads\/2026\/04\/Bosch.png\" alt=\"\" class=\"wp-image-1542601\" srcset=\"https:\/\/www.applia-sverige.se\/wp-content\/uploads\/2026\/04\/Bosch.png 740w, https:\/\/www.applia-sverige.se\/wp-content\/uploads\/2026\/04\/Bosch-300x174.png 300w, https:\/\/www.applia-sverige.se\/wp-content\/uploads\/2026\/04\/Bosch-18x10.png 18w\" sizes=\"auto, (max-width: 740px) 100vw, 740px\" \/><\/figure>\n\n\n\n<p>At B\/S\/H, a completely matte black stand was displayed with the motto <em>\u201d&quot;Matte is the new black&quot;\u201d<\/em>. The matte black expression is repeated on the company&#039;s ovens, refrigerators, freezers and hobs, creating a sober whole that is both resistant to wear and pleasant to the touch. The surface is designed to give a slightly rough feel that is experienced as exclusive and practical in everyday life.<\/p>\n\n\n\n<p>All booth staff were also dressed in sober black and super good <strong>black<\/strong> The ice cream was served in the pitch-black BSH stand \u2013 that gave extra points!<\/p>\n\n\n\n<hr class=\"wp-block-separator has-alpha-channel-opacity\"\/>\n\n\n\n<figure class=\"wp-block-image size-full is-style-rounded\"><img loading=\"lazy\" decoding=\"async\" width=\"1573\" height=\"914\" src=\"https:\/\/www.applia-sverige.se\/wp-content\/uploads\/2026\/04\/Simenes-1.png\" alt=\"\" class=\"wp-image-1542603\" srcset=\"https:\/\/www.applia-sverige.se\/wp-content\/uploads\/2026\/04\/Simenes-1.png 1573w, https:\/\/www.applia-sverige.se\/wp-content\/uploads\/2026\/04\/Simenes-1-300x174.png 300w, https:\/\/www.applia-sverige.se\/wp-content\/uploads\/2026\/04\/Simenes-1-1024x595.png 1024w, https:\/\/www.applia-sverige.se\/wp-content\/uploads\/2026\/04\/Simenes-1-768x446.png 768w, https:\/\/www.applia-sverige.se\/wp-content\/uploads\/2026\/04\/Simenes-1-1536x893.png 1536w, https:\/\/www.applia-sverige.se\/wp-content\/uploads\/2026\/04\/Simenes-1-18x10.png 18w\" sizes=\"auto, (max-width: 1573px) 100vw, 1573px\" \/><\/figure>\n\n\n\n<p>According to Linda Wahlberg from BSH, matte black appliances fit into kitchens with almost any color scheme, from light natural tones to darker and more muted colors. The matte black is repeated on the company&#039;s ovens, refrigerators, freezers and hobs, creating a sober surface that is resistant to rough treatment and really nice to touch.<\/p>\n\n\n\n<hr class=\"wp-block-separator has-alpha-channel-opacity\"\/>\n\n\n\n<figure class=\"wp-block-image size-large is-style-rounded\"><img loading=\"lazy\" decoding=\"async\" width=\"1024\" height=\"595\" src=\"https:\/\/www.applia-sverige.se\/wp-content\/uploads\/2026\/04\/Electrolux-1024x595.png\" alt=\"\" class=\"wp-image-1542604\" srcset=\"https:\/\/www.applia-sverige.se\/wp-content\/uploads\/2026\/04\/Electrolux-1024x595.png 1024w, https:\/\/www.applia-sverige.se\/wp-content\/uploads\/2026\/04\/Electrolux-300x174.png 300w, https:\/\/www.applia-sverige.se\/wp-content\/uploads\/2026\/04\/Electrolux-768x446.png 768w, https:\/\/www.applia-sverige.se\/wp-content\/uploads\/2026\/04\/Electrolux-1536x893.png 1536w, https:\/\/www.applia-sverige.se\/wp-content\/uploads\/2026\/04\/Electrolux-18x10.png 18w, https:\/\/www.applia-sverige.se\/wp-content\/uploads\/2026\/04\/Electrolux.png 1573w\" sizes=\"auto, (max-width: 1024px) 100vw, 1024px\" \/><\/figure>\n\n\n\n<p>Oskar Arkstedt from Electrolux Centrala Bygg in the combined Electrolux\/AEG stand also showcased the matte black look in both the AEG and Electrolux brands, which underlines that matte black has now established itself as an attractive and modern choice in the overall kitchen design.<\/p>\n\n\n\n<p>During the production of the stylish, matte glass or steel surface, the properties of the tempered glass or resistant steel are enhanced. The surface acquires a natural resistance to stains and fingerprints, which makes it particularly suitable for demanding environments. It is also stylish.<\/p>\n\n\n\n<p><em>Let&#039;s now hope that the future is no longer pitch black but just matte black! <\/em><em>\ud83d\ude0a<\/em><em>, hopes Kent Oderud \u2013 directly from Nordbygg.<\/em><\/p>","protected":false},"excerpt":{"rendered":"<p>Vid ett bes\u00f6k i vitvarumontrarna p\u00e5 Nordbygg\u2011m\u00e4ssan p\u00e5 Stockholmsm\u00e4ssan blir det tydligt att svart dominerar allt mer inom vitvaror. Utbudet av svarta vitvaror \u00e4r redan stort och har blivit ett uppskattat alternativ till traditionellt vitt och rostfritt st\u00e5l. Nu har trenden g\u00e5tt vidare till ett modernt matt\u2011svart utf\u00f6rande p\u00e5 kylsk\u00e5p, frysar, ugnar och spish\u00e4llar. Hos [&hellip;]<\/p>\n","protected":false},"author":11,"featured_media":1542605,"comment_status":"closed","ping_status":"closed","sticky":false,"template":"","format":"standard","meta":{"footnotes":""},"categories":[16],"tags":[],"class_list":["post-1542599","post","type-post","status-publish","format-standard","has-post-thumbnail","hentry","category-applianytt"],"acf":[],"_links":{"self":[{"href":"https:\/\/www.applia-sverige.se\/en\/wp-json\/wp\/v2\/posts\/1542599","targetHints":{"allow":["GET"]}}],"collection":[{"href":"https:\/\/www.applia-sverige.se\/en\/wp-json\/wp\/v2\/posts"}],"about":[{"href":"https:\/\/www.applia-sverige.se\/en\/wp-json\/wp\/v2\/types\/post"}],"author":[{"embeddable":true,"href":"https:\/\/www.applia-sverige.se\/en\/wp-json\/wp\/v2\/users\/11"}],"replies":[{"embeddable":true,"href":"https:\/\/www.applia-sverige.se\/en\/wp-json\/wp\/v2\/comments?post=1542599"}],"version-history":[{"count":2,"href":"https:\/\/www.applia-sverige.se\/en\/wp-json\/wp\/v2\/posts\/1542599\/revisions"}],"predecessor-version":[{"id":1542606,"href":"https:\/\/www.applia-sverige.se\/en\/wp-json\/wp\/v2\/posts\/1542599\/revisions\/1542606"}],"wp:featuredmedia":[{"embeddable":true,"href":"https:\/\/www.applia-sverige.se\/en\/wp-json\/wp\/v2\/media\/1542605"}],"wp:attachment":[{"href":"https:\/\/www.applia-sverige.se\/en\/wp-json\/wp\/v2\/media?parent=1542599"}],"wp:term":[{"taxonomy":"category","embeddable":true,"href":"https:\/\/www.applia-sverige.se\/en\/wp-json\/wp\/v2\/categories?post=1542599"},{"taxonomy":"post_tag","embeddable":true,"href":"https:\/\/www.applia-sverige.se\/en\/wp-json\/wp\/v2\/tags?post=1542599"}],"curies":[{"name":"wp","href":"https:\/\/api.w.org\/{rel}","templated":true}]}}